{"id":960,"date":"2017-05-02T18:37:02","date_gmt":"2017-05-02T18:37:02","guid":{"rendered":"http:\/\/majaigucio.pl\/?p=960"},"modified":"2017-05-02T18:37:02","modified_gmt":"2017-05-02T18:37:02","slug":"2-maj","status":"publish","type":"post","link":"https:\/\/majaigucio.pl\/index.php\/2017\/05\/02\/2-maj\/","title":{"rendered":"2 MAJ"},"content":{"rendered":"<p>Dzieci, kt\u00f3re zawita\u0142y dzi\u015b do przedszkola \u015bwi\u0119towa\u0142y Dzie\u0144 Flagi. Podczas zaj\u0119\u0107 wymieniali\u015bmy symbole Polski, przypomnieli\u015bmy sobie jak wygl\u0105da nasze god\u0142o oraz bohaterka dzisiejszego dnia-flaga. Przedszkolaki pi\u0119knie \u015bpiewa\u0142y piosenk\u0119 o barwach narodowych, a nast\u0119pnie wsp\u00f3lnymi si\u0142ami stworzy\u0142y nasz bia\u0142o-czerwony symbol.<\/p>\n<p><a href=\"http:\/\/majaigucio.pl\/wp-content\/uploads\/2017\/07\/18199114_1373138106098722_7356818621393247606_n.jpg\"><img loading=\"lazy\" class=\"alignleft size-medium wp-image-925\" src=\"http:\/\/majaigucio.pl\/wp-content\/uploads\/2017\/07\/18199114_1373138106098722_7356818621393247606_n-300x239.jpg\" alt=\"18199114_1373138106098722_7356818621393247606_n\" width=\"300\" height=\"239\" \/><\/a> <a href=\"http:\/\/majaigucio.pl\/wp-content\/uploads\/2017\/07\/18198438_1373138242765375_519881998933342678_n.jpg\"><img loading=\"lazy\" class=\"alignleft size-medium wp-image-922\" src=\"http:\/\/majaigucio.pl\/wp-content\/uploads\/2017\/07\/18198438_1373138242765375_519881998933342678_n-300x240.jpg\" alt=\"18198438_1373138242765375_519881998933342678_n\" width=\"300\" height=\"240\" \/><\/a><a href=\"http:\/\/majaigucio.pl\/wp-content\/uploads\/2017\/07\/18198490_1373137976098735_7602169702497121856_n.jpg\"><img loading=\"lazy\" class=\"alignleft size-medium wp-image-926\" src=\"http:\/\/majaigucio.pl\/wp-content\/uploads\/2017\/07\/18198490_1373137976098735_7602169702497121856_n-300x240.jpg\" alt=\"18198490_1373137976098735_7602169702497121856_n\" width=\"300\" height=\"240\" \/><\/a>  <a href=\"http:\/\/majaigucio.pl\/wp-content\/uploads\/2017\/07\/18221780_1373138182765381_1997817751575869581_n.jpg\"><img loading=\"lazy\" class=\"alignleft size-medium wp-image-924\" src=\"http:\/\/majaigucio.pl\/wp-content\/uploads\/2017\/07\/18221780_1373138182765381_1997817751575869581_n-300x240.jpg\" alt=\"18221780_1373138182765381_1997817751575869581_n\" width=\"300\" height=\"240\" \/><\/a> <a href=\"http:\/\/majaigucio.pl\/wp-content\/uploads\/2017\/07\/18268660_1373138229432043_2377049703181755043_n.jpg\"><img loading=\"lazy\" class=\"alignleft size-medium wp-image-923\" src=\"http:\/\/majaigucio.pl\/wp-content\/uploads\/2017\/07\/18268660_1373138229432043_2377049703181755043_n-300x240.jpg\" alt=\"18268660_1373138229432043_2377049703181755043_n\" width=\"300\" height=\"240\" \/><\/a> <a href=\"http:\/\/majaigucio.pl\/wp-content\/uploads\/2017\/07\/18301073_1373138276098705_488876836330488332_n.jpg\"><img loading=\"lazy\" class=\"alignleft size-medium wp-image-921\" src=\"http:\/\/majaigucio.pl\/wp-content\/uploads\/2017\/07\/18301073_1373138276098705_488876836330488332_n-300x240.jpg\" alt=\"18301073_1373138276098705_488876836330488332_n\" width=\"300\" height=\"240\" \/><\/a><\/p>\n","protected":false},"excerpt":{"rendered":"<p>Dzieci, kt\u00f3re zawita\u0142y dzi\u015b do przedszkola \u015bwi\u0119towa\u0142y Dzie\u0144 Flagi. Podczas zaj\u0119\u0107 wymieniali\u015bmy symbole Polski, przypomnieli\u015bmy sobie jak wygl\u0105da nasze god\u0142o oraz bohaterka dzisiejszego dnia-flaga. Przedszkolaki pi\u0119knie \u015bpiewa\u0142y piosenk\u0119 o barwach narodowych, a nast\u0119pnie wsp\u00f3lnymi si\u0142ami stworzy\u0142y nasz bia\u0142o-czerwony symbol.<\/p>\n","protected":false},"author":1,"featured_media":0,"comment_status":"open","ping_status":"open","sticky":false,"template":"","format":"standard","meta":{"_mi_skip_tracking":false},"categories":[4],"tags":[],"_links":{"self":[{"href":"https:\/\/majaigucio.pl\/index.php\/wp-json\/wp\/v2\/posts\/960"}],"collection":[{"href":"https:\/\/majaigucio.pl\/index.php\/wp-json\/wp\/v2\/posts"}],"about":[{"href":"https:\/\/majaigucio.pl\/index.php\/wp-json\/wp\/v2\/types\/post"}],"author":[{"embeddable":true,"href":"https:\/\/majaigucio.pl\/index.php\/wp-json\/wp\/v2\/users\/1"}],"replies":[{"embeddable":true,"href":"https:\/\/majaigucio.pl\/index.php\/wp-json\/wp\/v2\/comments?post=960"}],"version-history":[{"count":0,"href":"https:\/\/majaigucio.pl\/index.php\/wp-json\/wp\/v2\/posts\/960\/revisions"}],"wp:attachment":[{"href":"https:\/\/majaigucio.pl\/index.php\/wp-json\/wp\/v2\/media?parent=960"}],"wp:term":[{"taxonomy":"category","embeddable":true,"href":"https:\/\/majaigucio.pl\/index.php\/wp-json\/wp\/v2\/categories?post=960"},{"taxonomy":"post_tag","embeddable":true,"href":"https:\/\/majaigucio.pl\/index.php\/wp-json\/wp\/v2\/tags?post=960"}],"curies":[{"name":"wp","href":"https:\/\/api.w.org\/{rel}","templated":true}]}}