{"id":958,"date":"2017-04-22T18:35:31","date_gmt":"2017-04-22T18:35:31","guid":{"rendered":"http:\/\/majaigucio.pl\/?p=958"},"modified":"2017-04-22T18:35:31","modified_gmt":"2017-04-22T18:35:31","slug":"przypowiesc-o-dobrym-czlowieku","status":"publish","type":"post","link":"https:\/\/majaigucio.pl\/index.php\/2017\/04\/22\/przypowiesc-o-dobrym-czlowieku\/","title":{"rendered":"&#8222;Przypowie\u015b\u0107 o dobrym cz\u0142owieku&#8221;"},"content":{"rendered":"<p>Nasze przedszkolaki bra\u0142y udzia\u0142 w przedstawieniu teatralnym pt. &#8222;Przypowie\u015b\u0107 o dobrym cz\u0142owieku&#8221;. By\u0142 to spektakl \u017cywego aktora Teatru Eden z Wieliczki, kt\u00f3ry zaprezentowa\u0142 interpretacj\u0119 biblijnej przypowie\u015bci &#8222;O dobrym Samarytaninie&#8221;. Zgromadzone przedszkolaki bra\u0142y czynny udzia\u0142 w przedstawieniu anga\u017cuj\u0105c si\u0119 w gr\u0119 na instrumentach oraz rozmowy z bohaterami. Teatrzyk mia\u0142 na celu poznanie przez dzieci kim jest bli\u017ani i \u017ce nale\u017cy zawsze by\u0107 dobrym cz\u0142owiekiem gotowym nie\u015b\u0107 pomoc potrzebuj\u0105cym.<\/p>\n<p><a href=\"http:\/\/majaigucio.pl\/wp-content\/uploads\/2017\/07\/18034098_1361634037249129_5853083547132610985_n.jpg\"><img loading=\"lazy\" class=\"alignleft size-medium wp-image-930\" src=\"http:\/\/majaigucio.pl\/wp-content\/uploads\/2017\/07\/18034098_1361634037249129_5853083547132610985_n-300x240.jpg\" alt=\"18034098_1361634037249129_5853083547132610985_n\" width=\"300\" height=\"240\" \/><\/a><a href=\"http:\/\/majaigucio.pl\/wp-content\/uploads\/2017\/07\/18058035_1361634283915771_8146026027487875791_n.jpg\"><img loading=\"lazy\" class=\"alignleft size-medium wp-image-928\" src=\"http:\/\/majaigucio.pl\/wp-content\/uploads\/2017\/07\/18058035_1361634283915771_8146026027487875791_n-300x241.jpg\" alt=\"18058035_1361634283915771_8146026027487875791_n\" width=\"300\" height=\"241\" \/><\/a><a href=\"http:\/\/majaigucio.pl\/wp-content\/uploads\/2017\/07\/18058026_1361634237249109_2422572743466419781_n.jpg\"><img loading=\"lazy\" class=\"alignleft size-medium wp-image-929\" src=\"http:\/\/majaigucio.pl\/wp-content\/uploads\/2017\/07\/18058026_1361634237249109_2422572743466419781_n-300x240.jpg\" alt=\"18058026_1361634237249109_2422572743466419781_n\" width=\"300\" height=\"240\" \/><\/a><a href=\"http:\/\/majaigucio.pl\/wp-content\/uploads\/2017\/07\/18033410_1361633957249137_5090468804348795883_n.jpg\"><img loading=\"lazy\" class=\"alignleft size-medium wp-image-931\" src=\"http:\/\/majaigucio.pl\/wp-content\/uploads\/2017\/07\/18033410_1361633957249137_5090468804348795883_n-300x240.jpg\" alt=\"18033410_1361633957249137_5090468804348795883_n\" width=\"300\" height=\"240\" \/><\/a><\/p>\n<p>&nbsp;<\/p>\n","protected":false},"excerpt":{"rendered":"<p>Nasze przedszkolaki bra\u0142y udzia\u0142 w przedstawieniu teatralnym pt. &#8222;Przypowie\u015b\u0107 o dobrym cz\u0142owieku&#8221;. By\u0142 to spektakl \u017cywego aktora Teatru Eden z Wieliczki, kt\u00f3ry zaprezentowa\u0142 interpretacj\u0119 biblijnej przypowie\u015bci &#8222;O dobrym Samarytaninie&#8221;. Zgromadzone przedszkolaki bra\u0142y czynny udzia\u0142 w przedstawieniu anga\u017cuj\u0105c si\u0119 w gr\u0119 &hellip; <\/p>\n","protected":false},"author":1,"featured_media":0,"comment_status":"open","ping_status":"open","sticky":false,"template":"","format":"standard","meta":{"_mi_skip_tracking":false},"categories":[4],"tags":[],"_links":{"self":[{"href":"https:\/\/majaigucio.pl\/index.php\/wp-json\/wp\/v2\/posts\/958"}],"collection":[{"href":"https:\/\/majaigucio.pl\/index.php\/wp-json\/wp\/v2\/posts"}],"about":[{"href":"https:\/\/majaigucio.pl\/index.php\/wp-json\/wp\/v2\/types\/post"}],"author":[{"embeddable":true,"href":"https:\/\/majaigucio.pl\/index.php\/wp-json\/wp\/v2\/users\/1"}],"replies":[{"embeddable":true,"href":"https:\/\/majaigucio.pl\/index.php\/wp-json\/wp\/v2\/comments?post=958"}],"version-history":[{"count":0,"href":"https:\/\/majaigucio.pl\/index.php\/wp-json\/wp\/v2\/posts\/958\/revisions"}],"wp:attachment":[{"href":"https:\/\/majaigucio.pl\/index.php\/wp-json\/wp\/v2\/media?parent=958"}],"wp:term":[{"taxonomy":"category","embeddable":true,"href":"https:\/\/majaigucio.pl\/index.php\/wp-json\/wp\/v2\/categories?post=958"},{"taxonomy":"post_tag","embeddable":true,"href":"https:\/\/majaigucio.pl\/index.php\/wp-json\/wp\/v2\/tags?post=958"}],"curies":[{"name":"wp","href":"https:\/\/api.w.org\/{rel}","templated":true}]}}