{"id":956,"date":"2017-04-14T18:34:30","date_gmt":"2017-04-14T18:34:30","guid":{"rendered":"http:\/\/majaigucio.pl\/?p=956"},"modified":"2019-02-04T23:23:08","modified_gmt":"2019-02-04T22:23:08","slug":"956","status":"publish","type":"post","link":"https:\/\/majaigucio.pl\/index.php\/2017\/04\/14\/956\/","title":{"rendered":"Przedszkole ul. Wicherkiewicza 19; Cennik"},"content":{"rendered":"<p><strong>Op\u0142aty za przedszkole:<\/strong><\/p>\n<ol>\n<li>W dniu podpisania umowy prosimy o wp\u0142at\u0119 wpisowego w wysoko\u015bci 300 z\u0142 <strong>\u00a0(<\/strong>trzysta z\u0142otych), kt\u00f3ra obejmuje grupowe ubezpieczenie dziecka na ca\u0142y rok (NNW), artyku\u0142y papiernicze i higieniczne<br \/>\noraz karty pracy\/podr\u0119cznik.<\/li>\n<\/ol>\n<ol start=\"2\">\n<li><strong>Czesne<\/strong> \u2013 450 z\u0142 (wszystkie zaj\u0119cia dodatkowe odbywaj\u0105ce si\u0119 w przedszkolu uwzgl\u0119dnione s\u0105 w cenie czesnego)<br \/>\n<strong>Czesne<\/strong> &#8211; dla Rodzic\u00f3w dzieci od 2 roku \u017cycia do uko\u0144czenia przez dziecko 31 miesi\u0105ca \u017cycia czesne<br \/>\nza pobyt w przedszkolu wynosi 550 z\u0142.<\/li>\n<li>Zapisuj\u0105c drugie dziecko otrzymujecie Pa\u0144stwo dla niego 20% zni\u017ck\u0119 czesnego.<\/li>\n<li>Istnieje mo\u017cliwo\u015b\u0107 zapisania dziecka na kr\u00f3tszy pobyt w przedszkolu \u2013 5 godzin \/ czesne 300 z\u0142,<br \/>\npo uzgodnieniu szczeg\u00f3\u0142\u00f3w z dyrektorem przedszkola.<\/li>\n<li>Za pobyt 5 godzinny dzieci od 2 roku \u017cycia do uko\u0144czenia przez dziecko 31 miesi\u0105ca \u017cycia czesne 380 z\u0142, po uzgodnieniu szczeg\u00f3\u0142\u00f3w z dyrektorem przedszkola.<\/li>\n<li>Zapisuj\u0105c drugie dziecko na opiek\u0119 5 godzinn\u0105 otrzymujecie Pa\u0144stwo dla niego 10% zni\u017ck\u0119 czesnego.<\/li>\n<li><strong>Dzienna stawka \u017cywieniowa<\/strong> \u2013 12 z\u0142 (mo\u017cliwo\u015b\u0107 odliczenia\u00a0po wcze\u015bniejszym zg\u0142oszeniu nieobecno\u015bci dziecka).<\/li>\n<li><strong>Zapewniamy ka\u017cdemu dziecku <em>10 godzin bezp\u0142atnej adaptacji;<\/em><\/strong><\/li>\n<li><strong>Opieka wakacyjna<\/strong> \u2013 czesne 112 z\u0142 \/ za tydzie\u0144;<\/li>\n<\/ol>\n<p style=\"text-align: center;\">\n","protected":false},"excerpt":{"rendered":"<p>Op\u0142aty za przedszkole: W dniu podpisania umowy prosimy o wp\u0142at\u0119 wpisowego w wysoko\u015bci 300 z\u0142 \u00a0(trzysta z\u0142otych), kt\u00f3ra obejmuje grupowe ubezpieczenie dziecka na ca\u0142y rok (NNW), artyku\u0142y papiernicze i higieniczne oraz karty pracy\/podr\u0119cznik. Czesne \u2013 450 z\u0142 (wszystkie zaj\u0119cia dodatkowe &hellip; <\/p>\n","protected":false},"author":1,"featured_media":0,"comment_status":"open","ping_status":"open","sticky":false,"template":"","format":"standard","meta":{"_mi_skip_tracking":false},"categories":[4],"tags":[],"_links":{"self":[{"href":"https:\/\/majaigucio.pl\/index.php\/wp-json\/wp\/v2\/posts\/956"}],"collection":[{"href":"https:\/\/majaigucio.pl\/index.php\/wp-json\/wp\/v2\/posts"}],"about":[{"href":"https:\/\/majaigucio.pl\/index.php\/wp-json\/wp\/v2\/types\/post"}],"author":[{"embeddable":true,"href":"https:\/\/majaigucio.pl\/index.php\/wp-json\/wp\/v2\/users\/1"}],"replies":[{"embeddable":true,"href":"https:\/\/majaigucio.pl\/index.php\/wp-json\/wp\/v2\/comments?post=956"}],"version-history":[{"count":6,"href":"https:\/\/majaigucio.pl\/index.php\/wp-json\/wp\/v2\/posts\/956\/revisions"}],"predecessor-version":[{"id":1456,"href":"https:\/\/majaigucio.pl\/index.php\/wp-json\/wp\/v2\/posts\/956\/revisions\/1456"}],"wp:attachment":[{"href":"https:\/\/majaigucio.pl\/index.php\/wp-json\/wp\/v2\/media?parent=956"}],"wp:term":[{"taxonomy":"category","embeddable":true,"href":"https:\/\/majaigucio.pl\/index.php\/wp-json\/wp\/v2\/categories?post=956"},{"taxonomy":"post_tag","embeddable":true,"href":"https:\/\/majaigucio.pl\/index.php\/wp-json\/wp\/v2\/tags?post=956"}],"curies":[{"name":"wp","href":"https:\/\/api.w.org\/{rel}","templated":true}]}}