{"id":856,"date":"2017-03-22T18:25:08","date_gmt":"2017-03-22T18:25:08","guid":{"rendered":"http:\/\/majaigucio.pl\/?p=856"},"modified":"2017-03-22T18:25:08","modified_gmt":"2017-03-22T18:25:08","slug":"pierwszy-dzien-wiosny","status":"publish","type":"post","link":"https:\/\/majaigucio.pl\/index.php\/2017\/03\/22\/pierwszy-dzien-wiosny\/","title":{"rendered":"Pierwszy dzie\u0144 wiosny"},"content":{"rendered":"<p>Dzieci z naszego przedszkola \u015bwi\u0119towa\u0142y Pierwszy Dzie\u0144 Wiosny. Aby podkre\u015bli\u0107 charakter tego dnia, Przedszkolaki przysz\u0142y ubrane na zielono. Dzieci dowiedzia\u0142y si\u0119 jakie s\u0105 pierwsze oznaki wiosny oraz nazwy wiosennych kwiat\u00f3w, kt\u00f3re z zaanga\u017cowaniem wykona\u0142y podczas prac plastycznych. Mimo wielu atrakcji najbardziej oczekiwan\u0105 cz\u0119\u015bci\u0105 dnia by\u0142o wyj\u015bcie na spacer, podczas kt\u00f3rego mogli\u015bmy po\u017cegna\u0107 zim\u0119 i powita\u0107 wiosn\u0119. Dzieci rado\u015bnie maszerowa\u0142y w wiosennym pochodzie, na czele kt\u00f3rego widnia\u0142a Marzanna. Jeste\u015bmy pewni, \u017ce starania naszych wspania\u0142ych Przedszkolak\u00f3w sprawi\u0105, \u017ce Wiosna zawita do nas na dobre<a href=\"http:\/\/majaigucio.pl\/wp-content\/uploads\/2017\/07\/17308760_1329040493841817_5548193809832393386_n.jpg\"><img loading=\"lazy\" class=\"alignleft size-medium wp-image-857\" src=\"http:\/\/majaigucio.pl\/wp-content\/uploads\/2017\/07\/17308760_1329040493841817_5548193809832393386_n-300x240.jpg\" alt=\"17308760_1329040493841817_5548193809832393386_n\" width=\"300\" height=\"240\" \/><\/a> <a href=\"http:\/\/majaigucio.pl\/wp-content\/uploads\/2017\/07\/17457605_1329040473841819_2475307092141037709_n.jpg\"><img loading=\"lazy\" class=\"alignleft size-medium wp-image-858\" src=\"http:\/\/majaigucio.pl\/wp-content\/uploads\/2017\/07\/17457605_1329040473841819_2475307092141037709_n-300x240.jpg\" alt=\"17457605_1329040473841819_2475307092141037709_n\" width=\"300\" height=\"240\" \/><\/a> <a href=\"http:\/\/majaigucio.pl\/wp-content\/uploads\/2017\/07\/17361729_1329040117175188_5415502795409996827_n.jpg\"><img loading=\"lazy\" class=\"alignleft size-medium wp-image-859\" src=\"http:\/\/majaigucio.pl\/wp-content\/uploads\/2017\/07\/17361729_1329040117175188_5415502795409996827_n-300x240.jpg\" alt=\"17361729_1329040117175188_5415502795409996827_n\" width=\"300\" height=\"240\" \/><\/a> <a href=\"http:\/\/majaigucio.pl\/wp-content\/uploads\/2017\/07\/17362511_1329040343841832_3948201984414295730_n.jpg\"><img loading=\"lazy\" class=\"alignleft size-medium wp-image-860\" src=\"http:\/\/majaigucio.pl\/wp-content\/uploads\/2017\/07\/17362511_1329040343841832_3948201984414295730_n-300x240.jpg\" alt=\"17362511_1329040343841832_3948201984414295730_n\" width=\"300\" height=\"240\" \/><\/a> <a href=\"http:\/\/majaigucio.pl\/wp-content\/uploads\/2017\/07\/17362475_1329040270508506_3673516388528520294_n.jpg\"><img loading=\"lazy\" class=\"alignleft size-medium wp-image-861\" src=\"http:\/\/majaigucio.pl\/wp-content\/uploads\/2017\/07\/17362475_1329040270508506_3673516388528520294_n-300x240.jpg\" alt=\"17362475_1329040270508506_3673516388528520294_n\" width=\"300\" height=\"240\" \/><\/a> <a href=\"http:\/\/majaigucio.pl\/wp-content\/uploads\/2017\/07\/17309004_1329040317175168_8594477322502182037_n.jpg\"><img loading=\"lazy\" class=\"alignleft size-medium wp-image-862\" src=\"http:\/\/majaigucio.pl\/wp-content\/uploads\/2017\/07\/17309004_1329040317175168_8594477322502182037_n-300x240.jpg\" alt=\"17309004_1329040317175168_8594477322502182037_n\" width=\"300\" height=\"240\" \/><\/a> <a href=\"http:\/\/majaigucio.pl\/wp-content\/uploads\/2017\/07\/17426408_1329040123841854_3414216689505688878_n.jpg\"><img loading=\"lazy\" class=\"alignleft size-medium wp-image-863\" src=\"http:\/\/majaigucio.pl\/wp-content\/uploads\/2017\/07\/17426408_1329040123841854_3414216689505688878_n-300x241.jpg\" alt=\"17426408_1329040123841854_3414216689505688878_n\" width=\"300\" height=\"241\" \/><\/a> <a href=\"http:\/\/majaigucio.pl\/wp-content\/uploads\/2017\/07\/17265126_1329040180508515_7499267986582306131_n.jpg\"><img loading=\"lazy\" class=\"alignleft size-medium wp-image-864\" src=\"http:\/\/majaigucio.pl\/wp-content\/uploads\/2017\/07\/17265126_1329040180508515_7499267986582306131_n-300x240.jpg\" alt=\"17265126_1329040180508515_7499267986582306131_n\" width=\"300\" height=\"240\" \/><\/a> <a href=\"http:\/\/majaigucio.pl\/wp-content\/uploads\/2017\/07\/17361933_1329040120508521_514781079208988544_n.jpg\"><img loading=\"lazy\" class=\"alignleft size-medium wp-image-865\" src=\"http:\/\/majaigucio.pl\/wp-content\/uploads\/2017\/07\/17361933_1329040120508521_514781079208988544_n-300x241.jpg\" alt=\"17361933_1329040120508521_514781079208988544_n\" width=\"300\" height=\"241\" \/><\/a><\/p>\n","protected":false},"excerpt":{"rendered":"<p>Dzieci z naszego przedszkola \u015bwi\u0119towa\u0142y Pierwszy Dzie\u0144 Wiosny. Aby podkre\u015bli\u0107 charakter tego dnia, Przedszkolaki przysz\u0142y ubrane na zielono. Dzieci dowiedzia\u0142y si\u0119 jakie s\u0105 pierwsze oznaki wiosny oraz nazwy wiosennych kwiat\u00f3w, kt\u00f3re z zaanga\u017cowaniem wykona\u0142y podczas prac plastycznych. Mimo wielu atrakcji &hellip; <\/p>\n","protected":false},"author":1,"featured_media":0,"comment_status":"open","ping_status":"open","sticky":false,"template":"","format":"standard","meta":{"_mi_skip_tracking":false},"categories":[4],"tags":[],"_links":{"self":[{"href":"https:\/\/majaigucio.pl\/index.php\/wp-json\/wp\/v2\/posts\/856"}],"collection":[{"href":"https:\/\/majaigucio.pl\/index.php\/wp-json\/wp\/v2\/posts"}],"about":[{"href":"https:\/\/majaigucio.pl\/index.php\/wp-json\/wp\/v2\/types\/post"}],"author":[{"embeddable":true,"href":"https:\/\/majaigucio.pl\/index.php\/wp-json\/wp\/v2\/users\/1"}],"replies":[{"embeddable":true,"href":"https:\/\/majaigucio.pl\/index.php\/wp-json\/wp\/v2\/comments?post=856"}],"version-history":[{"count":0,"href":"https:\/\/majaigucio.pl\/index.php\/wp-json\/wp\/v2\/posts\/856\/revisions"}],"wp:attachment":[{"href":"https:\/\/majaigucio.pl\/index.php\/wp-json\/wp\/v2\/media?parent=856"}],"wp:term":[{"taxonomy":"category","embeddable":true,"href":"https:\/\/majaigucio.pl\/index.php\/wp-json\/wp\/v2\/categories?post=856"},{"taxonomy":"post_tag","embeddable":true,"href":"https:\/\/majaigucio.pl\/index.php\/wp-json\/wp\/v2\/tags?post=856"}],"curies":[{"name":"wp","href":"https:\/\/api.w.org\/{rel}","templated":true}]}}