{"id":848,"date":"2017-03-02T18:23:30","date_gmt":"2017-03-02T18:23:30","guid":{"rendered":"http:\/\/majaigucio.pl\/?p=848"},"modified":"2017-03-02T18:23:30","modified_gmt":"2017-03-02T18:23:30","slug":"dzien-slonca","status":"publish","type":"post","link":"https:\/\/majaigucio.pl\/index.php\/2017\/03\/02\/dzien-slonca\/","title":{"rendered":"Dzie\u0144 S\u0142o\u0144ca"},"content":{"rendered":"<p>Dzie\u0144 S\u0142o\u0144ca &#8211; nasze dzieci zamieni\u0142y si\u0119 na ten dzie\u0144 w s\u0142o\u0144ca. \u017b\u00f3\u0142te kolory ubra\u0144 ca\u0142y czas przypomina\u0142y nam o tym, \u017ce jest to dzie\u0144 radosny. Wszystkie dzieci z okazji tego \u015bwi\u0119ta wykona\u0142y prac\u0119 plastyczn\u0105, dodaj\u0105c dzi\u0119ki temu troch\u0119 ciep\u0142a do naszego przedszkola.<\/p>\n<p><a href=\"http:\/\/majaigucio.pl\/wp-content\/uploads\/2017\/07\/17362032_1329009993844867_4425314174451149022_n.jpg\"><img loading=\"lazy\" class=\"alignleft size-medium wp-image-851\" src=\"http:\/\/majaigucio.pl\/wp-content\/uploads\/2017\/07\/17362032_1329009993844867_4425314174451149022_n-300x240.jpg\" alt=\"17362032_1329009993844867_4425314174451149022_n\" width=\"300\" height=\"240\" \/><\/a><a href=\"http:\/\/majaigucio.pl\/wp-content\/uploads\/2017\/07\/17362703_1329010033844863_5720839622045915968_n.jpg\"><img loading=\"lazy\" class=\"alignleft size-medium wp-image-850\" src=\"http:\/\/majaigucio.pl\/wp-content\/uploads\/2017\/07\/17362703_1329010033844863_5720839622045915968_n-300x240.jpg\" alt=\"17362703_1329010033844863_5720839622045915968_n\" width=\"300\" height=\"240\" \/><\/a><a href=\"http:\/\/majaigucio.pl\/wp-content\/uploads\/2017\/07\/17309428_1329010040511529_4687157566214933999_n.jpg\"><img loading=\"lazy\" class=\"alignleft size-medium wp-image-849\" src=\"http:\/\/majaigucio.pl\/wp-content\/uploads\/2017\/07\/17309428_1329010040511529_4687157566214933999_n-300x241.jpg\" alt=\"17309428_1329010040511529_4687157566214933999_n\" width=\"300\" height=\"241\" \/><\/a> <a href=\"http:\/\/majaigucio.pl\/wp-content\/uploads\/2017\/07\/17426289_1329010000511533_8521429340856957201_n.jpg\"><img loading=\"lazy\" class=\"alignleft size-medium wp-image-852\" src=\"http:\/\/majaigucio.pl\/wp-content\/uploads\/2017\/07\/17426289_1329010000511533_8521429340856957201_n-300x241.jpg\" alt=\"17426289_1329010000511533_8521429340856957201_n\" width=\"300\" height=\"241\" \/><\/a> <a href=\"http:\/\/majaigucio.pl\/wp-content\/uploads\/2017\/07\/17308759_1329009997178200_5856264433518315804_n.jpg\"><img loading=\"lazy\" class=\"alignleft size-medium wp-image-853\" src=\"http:\/\/majaigucio.pl\/wp-content\/uploads\/2017\/07\/17308759_1329009997178200_5856264433518315804_n-300x240.jpg\" alt=\"17308759_1329009997178200_5856264433518315804_n\" width=\"300\" height=\"240\" \/><\/a><\/p>\n","protected":false},"excerpt":{"rendered":"<p>Dzie\u0144 S\u0142o\u0144ca &#8211; nasze dzieci zamieni\u0142y si\u0119 na ten dzie\u0144 w s\u0142o\u0144ca. \u017b\u00f3\u0142te kolory ubra\u0144 ca\u0142y czas przypomina\u0142y nam o tym, \u017ce jest to dzie\u0144 radosny. Wszystkie dzieci z okazji tego \u015bwi\u0119ta wykona\u0142y prac\u0119 plastyczn\u0105, dodaj\u0105c dzi\u0119ki temu troch\u0119 ciep\u0142a &hellip; <\/p>\n","protected":false},"author":1,"featured_media":0,"comment_status":"open","ping_status":"open","sticky":false,"template":"","format":"standard","meta":{"_mi_skip_tracking":false},"categories":[4],"tags":[],"_links":{"self":[{"href":"https:\/\/majaigucio.pl\/index.php\/wp-json\/wp\/v2\/posts\/848"}],"collection":[{"href":"https:\/\/majaigucio.pl\/index.php\/wp-json\/wp\/v2\/posts"}],"about":[{"href":"https:\/\/majaigucio.pl\/index.php\/wp-json\/wp\/v2\/types\/post"}],"author":[{"embeddable":true,"href":"https:\/\/majaigucio.pl\/index.php\/wp-json\/wp\/v2\/users\/1"}],"replies":[{"embeddable":true,"href":"https:\/\/majaigucio.pl\/index.php\/wp-json\/wp\/v2\/comments?post=848"}],"version-history":[{"count":0,"href":"https:\/\/majaigucio.pl\/index.php\/wp-json\/wp\/v2\/posts\/848\/revisions"}],"wp:attachment":[{"href":"https:\/\/majaigucio.pl\/index.php\/wp-json\/wp\/v2\/media?parent=848"}],"wp:term":[{"taxonomy":"category","embeddable":true,"href":"https:\/\/majaigucio.pl\/index.php\/wp-json\/wp\/v2\/categories?post=848"},{"taxonomy":"post_tag","embeddable":true,"href":"https:\/\/majaigucio.pl\/index.php\/wp-json\/wp\/v2\/tags?post=848"}],"curies":[{"name":"wp","href":"https:\/\/api.w.org\/{rel}","templated":true}]}}