{"id":784,"date":"2016-01-27T18:08:13","date_gmt":"2016-01-27T18:08:13","guid":{"rendered":"http:\/\/majaigucio.pl\/?p=784"},"modified":"2016-01-27T18:08:13","modified_gmt":"2016-01-27T18:08:13","slug":"chrystuschrystusnam-sie-narodzil","status":"publish","type":"post","link":"https:\/\/majaigucio.pl\/index.php\/2016\/01\/27\/chrystuschrystusnam-sie-narodzil\/","title":{"rendered":"&#8222;Chrystus!!!!Chrystus!!!Nam si\u0119 narodzi\u0142&#8230;&#8221;"},"content":{"rendered":"<p>Uroczysto\u015b\u0107 Jase\u0142ek to w naszym przedszkolu jedna z wielu uroczysto\u015bci wpisywana co rok do kalendarza.<br \/>\nW tym roku Owieczki, le\u015bne zwierz\u0119ta i weso\u0142e Elfy wprowadzi\u0142y swoich najbli\u017cszych w \u015bwi\u0105teczny nastr\u00f3j. Nasze pociechy bardzo si\u0119 stara\u0142y jak najlepiej zaprezentowa\u0107 swoje umiej\u0119tno\u015bci wokalno-recytatorskie, j\u0119zykowe i taneczne. By\u0142o mn\u00f3stwo rado\u015bci, wzrusze\u0144 i szczerych, gor\u0105cych oklask\u00f3w. Przedszkolaki jak zawsze spisa\u0142y si\u0119 na medal.<br \/>\nDzi\u0119kujemy rodzicom za pomoc w przygotowaniu pi\u0119knych stroj\u00f3w.<br \/>\nTe Jase\u0142ka b\u0119dziemy jeszcze d\u0142ugo wspomina\u0107, a pomog\u0105 nam w tym wykonane zdj\u0119cia.<\/p>\n<p><a href=\"http:\/\/majaigucio.pl\/wp-content\/uploads\/2016\/02\/12622312_963323113746892_2255755727008753455_o.jpg\"><img loading=\"lazy\" class=\"alignleft size-medium wp-image-785\" src=\"http:\/\/majaigucio.pl\/wp-content\/uploads\/2016\/02\/12622312_963323113746892_2255755727008753455_o-300x240.jpg\" alt=\"12622312_963323113746892_2255755727008753455_o\" width=\"300\" height=\"240\" \/><\/a> <a href=\"http:\/\/majaigucio.pl\/wp-content\/uploads\/2016\/02\/12496215_963323017080235_3201078135246219562_o.jpg\"><img loading=\"lazy\" class=\"alignleft size-medium wp-image-786\" src=\"http:\/\/majaigucio.pl\/wp-content\/uploads\/2016\/02\/12496215_963323017080235_3201078135246219562_o-300x240.jpg\" alt=\"12496215_963323017080235_3201078135246219562_o\" width=\"300\" height=\"240\" \/><\/a><a href=\"http:\/\/majaigucio.pl\/wp-content\/uploads\/2016\/02\/12615695_963323153746888_2186453613214399884_o.jpg\"><img loading=\"lazy\" class=\"  wp-image-787 alignleft\" src=\"http:\/\/majaigucio.pl\/wp-content\/uploads\/2016\/02\/12615695_963323153746888_2186453613214399884_o-1024x488.jpg\" alt=\"12615695_963323153746888_2186453613214399884_o\" width=\"599\" height=\"285\" \/><\/a><a href=\"http:\/\/majaigucio.pl\/wp-content\/uploads\/2016\/02\/12640487_963323323746871_5244877720687733479_o-1.jpg\"><img loading=\"lazy\" class=\"alignleft size-medium wp-image-788\" src=\"http:\/\/majaigucio.pl\/wp-content\/uploads\/2016\/02\/12640487_963323323746871_5244877720687733479_o-1-300x237.jpg\" alt=\"12640487_963323323746871_5244877720687733479_o (1)\" width=\"300\" height=\"237\" \/><\/a><a href=\"http:\/\/majaigucio.pl\/wp-content\/uploads\/2016\/02\/10636612_963323337080203_7435605018339741488_o.jpg\"><img loading=\"lazy\" class=\"alignleft size-medium wp-image-790\" src=\"http:\/\/majaigucio.pl\/wp-content\/uploads\/2016\/02\/10636612_963323337080203_7435605018339741488_o-300x240.jpg\" alt=\"10636612_963323337080203_7435605018339741488_o\" width=\"300\" height=\"240\" \/><\/a><\/p>\n","protected":false},"excerpt":{"rendered":"<p>Uroczysto\u015b\u0107 Jase\u0142ek to w naszym przedszkolu jedna z wielu uroczysto\u015bci wpisywana co rok do kalendarza. W tym roku Owieczki, le\u015bne zwierz\u0119ta i weso\u0142e Elfy wprowadzi\u0142y swoich najbli\u017cszych w \u015bwi\u0105teczny nastr\u00f3j. Nasze pociechy bardzo si\u0119 stara\u0142y jak najlepiej zaprezentowa\u0107 swoje umiej\u0119tno\u015bci &hellip; <\/p>\n","protected":false},"author":1,"featured_media":0,"comment_status":"open","ping_status":"open","sticky":false,"template":"","format":"standard","meta":{"_mi_skip_tracking":false},"categories":[4],"tags":[],"_links":{"self":[{"href":"https:\/\/majaigucio.pl\/index.php\/wp-json\/wp\/v2\/posts\/784"}],"collection":[{"href":"https:\/\/majaigucio.pl\/index.php\/wp-json\/wp\/v2\/posts"}],"about":[{"href":"https:\/\/majaigucio.pl\/index.php\/wp-json\/wp\/v2\/types\/post"}],"author":[{"embeddable":true,"href":"https:\/\/majaigucio.pl\/index.php\/wp-json\/wp\/v2\/users\/1"}],"replies":[{"embeddable":true,"href":"https:\/\/majaigucio.pl\/index.php\/wp-json\/wp\/v2\/comments?post=784"}],"version-history":[{"count":0,"href":"https:\/\/majaigucio.pl\/index.php\/wp-json\/wp\/v2\/posts\/784\/revisions"}],"wp:attachment":[{"href":"https:\/\/majaigucio.pl\/index.php\/wp-json\/wp\/v2\/media?parent=784"}],"wp:term":[{"taxonomy":"category","embeddable":true,"href":"https:\/\/majaigucio.pl\/index.php\/wp-json\/wp\/v2\/categories?post=784"},{"taxonomy":"post_tag","embeddable":true,"href":"https:\/\/majaigucio.pl\/index.php\/wp-json\/wp\/v2\/tags?post=784"}],"curies":[{"name":"wp","href":"https:\/\/api.w.org\/{rel}","templated":true}]}}