{"id":749,"date":"2015-11-27T17:44:33","date_gmt":"2015-11-27T17:44:33","guid":{"rendered":"http:\/\/majaigucio.pl\/?p=749"},"modified":"2015-11-27T17:44:33","modified_gmt":"2015-11-27T17:44:33","slug":"pasowanie","status":"publish","type":"post","link":"https:\/\/majaigucio.pl\/index.php\/2015\/11\/27\/pasowanie\/","title":{"rendered":"PASOWANIE"},"content":{"rendered":"<p>&#8222;Witajcie nam Pa\u0144stwo, go\u015bcie nasi mili,<br \/>\nnasze wyst\u0119py zaczynamy w tej chwili.<br \/>\nJe\u015bli nie do\u015b\u0107 \u0142adnie wszystko nam si\u0119 z\u0142o\u017cy, wybaczcie bo\u015bmy dzieci, nie aktorzy&#8221; <i class=\"_4-k1 img sp_fM-mz8spZ1b sx_7f72ac\"><span style=\"text-decoration: underline;\">Emotikon wink<\/span><\/i><\/p>\n<p>27.11 odby\u0142o si\u0119 pasowanie na przedszkolaka. Od tego momentu nasi milusi\u0144scy stali si\u0119 pe\u0142noprawnymi PRZEDSZKOLAKAMI <span class=\"text_exposed_show\"><br \/>\nUroczysto\u015b\u0107 rozpocz\u0119\u0142y wyst\u0119py starszak\u00f3w, kt\u00f3rzy ta\u0144cem, pi\u0119knymi wierszykami i cudown\u0105 piosenk\u0105 przywitali nowych koleg\u00f3w. Nast\u0119pnie g\u0142os zabrali\u015bmy my- dzieci pasowane.<br \/>\nPe\u0142ni emocji stan\u0119li\u015bmy przed Wami- rodzicami i najpi\u0119kniej jak potrafili\u015bmy zaprezentowali\u015bmy swoje umiej\u0119tno\u015bci. By\u0142y wiersze, piosenki, a nawet gimnastyka i wsp\u00f3lnie stworzona przez nas orkiestra. Po wyst\u0119pie, pe\u0142ni wra\u017ce\u0144 z\u0142o\u017cyli\u015bmy przyrzeczenie, a Pani Dyrektor uroczy\u015bcie pasowa\u0142a nas na przedszkolak\u00f3w.<br \/>\nDzi\u0119kujemy starszakom za przywitanie, a rodzicom i wszystkim go\u015bciom za przybycie.<\/span><\/p>\n<p><a href=\"http:\/\/majaigucio.pl\/wp-content\/uploads\/2016\/02\/12307380_933044526774751_5108361214753747752_o.jpg\"><img loading=\"lazy\" class=\"alignleft size-medium wp-image-750\" src=\"http:\/\/majaigucio.pl\/wp-content\/uploads\/2016\/02\/12307380_933044526774751_5108361214753747752_o-300x240.jpg\" alt=\"12307380_933044526774751_5108361214753747752_o\" width=\"300\" height=\"240\" \/><\/a> <a href=\"http:\/\/majaigucio.pl\/wp-content\/uploads\/2016\/02\/12304366_933045003441370_854617849014539786_o.jpg\"><img loading=\"lazy\" class=\"alignleft size-medium wp-image-751\" src=\"http:\/\/majaigucio.pl\/wp-content\/uploads\/2016\/02\/12304366_933045003441370_854617849014539786_o-300x240.jpg\" alt=\"12304366_933045003441370_854617849014539786_o\" width=\"300\" height=\"240\" \/><\/a> <a href=\"http:\/\/majaigucio.pl\/wp-content\/uploads\/2016\/02\/12291285_933044966774707_4168155144129273101_o.jpg\"><img loading=\"lazy\" class=\"alignleft size-medium wp-image-752\" src=\"http:\/\/majaigucio.pl\/wp-content\/uploads\/2016\/02\/12291285_933044966774707_4168155144129273101_o-300x240.jpg\" alt=\"12291285_933044966774707_4168155144129273101_o\" width=\"300\" height=\"240\" \/><\/a> <a href=\"http:\/\/majaigucio.pl\/wp-content\/uploads\/2016\/02\/12291982_933045056774698_8957806587500873070_o.jpg\"><img loading=\"lazy\" class=\"alignleft size-medium wp-image-753\" src=\"http:\/\/majaigucio.pl\/wp-content\/uploads\/2016\/02\/12291982_933045056774698_8957806587500873070_o-300x240.jpg\" alt=\"12291982_933045056774698_8957806587500873070_o\" width=\"300\" height=\"240\" \/><\/a><\/p>\n","protected":false},"excerpt":{"rendered":"<p>&#8222;Witajcie nam Pa\u0144stwo, go\u015bcie nasi mili, nasze wyst\u0119py zaczynamy w tej chwili. Je\u015bli nie do\u015b\u0107 \u0142adnie wszystko nam si\u0119 z\u0142o\u017cy, wybaczcie bo\u015bmy dzieci, nie aktorzy&#8221; Emotikon wink 27.11 odby\u0142o si\u0119 pasowanie na przedszkolaka. Od tego momentu nasi milusi\u0144scy stali si\u0119 &hellip; <\/p>\n","protected":false},"author":1,"featured_media":0,"comment_status":"open","ping_status":"open","sticky":false,"template":"","format":"standard","meta":{"_mi_skip_tracking":false},"categories":[4],"tags":[],"_links":{"self":[{"href":"https:\/\/majaigucio.pl\/index.php\/wp-json\/wp\/v2\/posts\/749"}],"collection":[{"href":"https:\/\/majaigucio.pl\/index.php\/wp-json\/wp\/v2\/posts"}],"about":[{"href":"https:\/\/majaigucio.pl\/index.php\/wp-json\/wp\/v2\/types\/post"}],"author":[{"embeddable":true,"href":"https:\/\/majaigucio.pl\/index.php\/wp-json\/wp\/v2\/users\/1"}],"replies":[{"embeddable":true,"href":"https:\/\/majaigucio.pl\/index.php\/wp-json\/wp\/v2\/comments?post=749"}],"version-history":[{"count":0,"href":"https:\/\/majaigucio.pl\/index.php\/wp-json\/wp\/v2\/posts\/749\/revisions"}],"wp:attachment":[{"href":"https:\/\/majaigucio.pl\/index.php\/wp-json\/wp\/v2\/media?parent=749"}],"wp:term":[{"taxonomy":"category","embeddable":true,"href":"https:\/\/majaigucio.pl\/index.php\/wp-json\/wp\/v2\/categories?post=749"},{"taxonomy":"post_tag","embeddable":true,"href":"https:\/\/majaigucio.pl\/index.php\/wp-json\/wp\/v2\/tags?post=749"}],"curies":[{"name":"wp","href":"https:\/\/api.w.org\/{rel}","templated":true}]}}