{"id":739,"date":"2015-11-26T17:40:30","date_gmt":"2015-11-26T17:40:30","guid":{"rendered":"http:\/\/majaigucio.pl\/?p=739"},"modified":"2015-11-26T17:40:30","modified_gmt":"2015-11-26T17:40:30","slug":"dzien-misia","status":"publish","type":"post","link":"https:\/\/majaigucio.pl\/index.php\/2015\/11\/26\/dzien-misia\/","title":{"rendered":"Dzie\u0144 Misia"},"content":{"rendered":"<p>W \u015brod\u0119 nasze przedszkole &#8222;zala\u0142a&#8221; fala pluszak\u00f3w. Z okazji Dnia Misia ka\u017cdy przedszkolak m\u00f3g\u0142 przynie\u015b\u0107 i pochwali\u0107 si\u0119 swoj\u0105 ulubion\u0105 maskotk\u0105. Po przedstawieniu naszych pluszowych przyjaci\u00f3\u0142 zaprosili\u015bmy ich do wsp\u00f3lnej zabawy i ta\u0144c\u00f3w. P\u00f3\u017aniej ch\u0119tne pluszaki mog\u0142y uczestniczy\u0107 ze swoimi w\u0142a\u015bcicielami w zaj\u0119ciach dydaktycznych. Swoj\u0105 drog\u0105&#8230;. ciekawe czy si\u0119 czego\u015b nauczy\u0142y? \u00a0Ko\u0144cz\u0105c zaj\u0119cia, ka\u017cda grupa wykona\u0142a urocze podobizny swoich ulubie\u0144c\u00f3w, kt\u00f3re od \u015brody ozdabiaj\u0105 nasz przedszkolny korytarz.<\/p>\n<p><a href=\"http:\/\/majaigucio.pl\/wp-content\/uploads\/2016\/02\/12299249_931334840279053_6301994019105860938_n.jpg\"><img loading=\"lazy\" class=\"alignleft size-medium wp-image-740\" src=\"http:\/\/majaigucio.pl\/wp-content\/uploads\/2016\/02\/12299249_931334840279053_6301994019105860938_n-300x240.jpg\" alt=\"12299249_931334840279053_6301994019105860938_n\" width=\"300\" height=\"240\" \/><\/a> <a href=\"http:\/\/majaigucio.pl\/wp-content\/uploads\/2016\/02\/12289663_931335680278969_2615282241068584891_n.jpg\"><img loading=\"lazy\" class=\"alignleft size-medium wp-image-741\" src=\"http:\/\/majaigucio.pl\/wp-content\/uploads\/2016\/02\/12289663_931335680278969_2615282241068584891_n-300x241.jpg\" alt=\"12289663_931335680278969_2615282241068584891_n\" width=\"300\" height=\"241\" \/><\/a> <a href=\"http:\/\/majaigucio.pl\/wp-content\/uploads\/2016\/02\/12295360_931334850279052_9038383336317470389_n.jpg\"><img loading=\"lazy\" class=\"alignleft size-medium wp-image-742\" src=\"http:\/\/majaigucio.pl\/wp-content\/uploads\/2016\/02\/12295360_931334850279052_9038383336317470389_n-300x241.jpg\" alt=\"12295360_931334850279052_9038383336317470389_n\" width=\"300\" height=\"241\" \/><\/a> <a href=\"http:\/\/majaigucio.pl\/wp-content\/uploads\/2016\/02\/12308774_931334726945731_8578463959060070503_n.jpg\"><img loading=\"lazy\" class=\"alignleft size-medium wp-image-743\" src=\"http:\/\/majaigucio.pl\/wp-content\/uploads\/2016\/02\/12308774_931334726945731_8578463959060070503_n-300x240.jpg\" alt=\"12308774_931334726945731_8578463959060070503_n\" width=\"300\" height=\"240\" \/><\/a><\/p>\n<p>&nbsp;<\/p>\n","protected":false},"excerpt":{"rendered":"<p>W \u015brod\u0119 nasze przedszkole &#8222;zala\u0142a&#8221; fala pluszak\u00f3w. Z okazji Dnia Misia ka\u017cdy przedszkolak m\u00f3g\u0142 przynie\u015b\u0107 i pochwali\u0107 si\u0119 swoj\u0105 ulubion\u0105 maskotk\u0105. Po przedstawieniu naszych pluszowych przyjaci\u00f3\u0142 zaprosili\u015bmy ich do wsp\u00f3lnej zabawy i ta\u0144c\u00f3w. P\u00f3\u017aniej ch\u0119tne pluszaki mog\u0142y uczestniczy\u0107 ze swoimi &hellip; <\/p>\n","protected":false},"author":1,"featured_media":0,"comment_status":"open","ping_status":"open","sticky":false,"template":"","format":"standard","meta":{"_mi_skip_tracking":false},"categories":[4],"tags":[],"_links":{"self":[{"href":"https:\/\/majaigucio.pl\/index.php\/wp-json\/wp\/v2\/posts\/739"}],"collection":[{"href":"https:\/\/majaigucio.pl\/index.php\/wp-json\/wp\/v2\/posts"}],"about":[{"href":"https:\/\/majaigucio.pl\/index.php\/wp-json\/wp\/v2\/types\/post"}],"author":[{"embeddable":true,"href":"https:\/\/majaigucio.pl\/index.php\/wp-json\/wp\/v2\/users\/1"}],"replies":[{"embeddable":true,"href":"https:\/\/majaigucio.pl\/index.php\/wp-json\/wp\/v2\/comments?post=739"}],"version-history":[{"count":0,"href":"https:\/\/majaigucio.pl\/index.php\/wp-json\/wp\/v2\/posts\/739\/revisions"}],"wp:attachment":[{"href":"https:\/\/majaigucio.pl\/index.php\/wp-json\/wp\/v2\/media?parent=739"}],"wp:term":[{"taxonomy":"category","embeddable":true,"href":"https:\/\/majaigucio.pl\/index.php\/wp-json\/wp\/v2\/categories?post=739"},{"taxonomy":"post_tag","embeddable":true,"href":"https:\/\/majaigucio.pl\/index.php\/wp-json\/wp\/v2\/tags?post=739"}],"curies":[{"name":"wp","href":"https:\/\/api.w.org\/{rel}","templated":true}]}}