{"id":714,"date":"2015-11-19T17:24:57","date_gmt":"2015-11-19T17:24:57","guid":{"rendered":"http:\/\/majaigucio.pl\/?p=714"},"modified":"2015-11-19T17:24:57","modified_gmt":"2015-11-19T17:24:57","slug":"wycieczka-do-muzeum-basn-zimowa-wokol-pejzazu","status":"publish","type":"post","link":"https:\/\/majaigucio.pl\/index.php\/2015\/11\/19\/wycieczka-do-muzeum-basn-zimowa-wokol-pejzazu\/","title":{"rendered":"Wycieczka do Muzeum &#8222;Ba\u015b\u0144 zimowa wok\u00f3\u0142 pejza\u017cu &#8222;"},"content":{"rendered":"<p>Muzeum to miejsce pe\u0142ne tajemnic i historii, kt\u00f3ra warto pobudza\u0107 w naszych dzieciach, czas na chwile si\u0119 tam zatrzymuje.<br \/>\nNasze przedszkolaki tak\u017ce odwiedzi\u0142y to wspania\u0142e miejsce w krakowskim muzeum.<br \/>\nPodczas zaj\u0119\u0107 pt. &#8222;Ba\u015b\u0144 zimowa wok\u00f3\u0142 pejza\u017cu &#8221; dzieci podziwia\u0142y pi\u0119kne obrazy i wys\u0142ucha\u0142 ich historii.<br \/>\nSame ch\u0119tnie podczas swobodnej rozmowy dzieli\u0142y si\u0119 swoimi odczuciami jakie budzi\u0142y w nich obrazy oraz dobierane do nich muzyka. Na koniec same mog\u0142y pobudzi\u0107 swoj\u0105 tw\u00f3rczo\u015b\u0107 i bawi\u0105c si\u0119 przer\u00f3\u017cna gam\u0105 barw TWORZY\u0106 w\u0142asne dzie\u0142o sztuki.<\/p>\n<p><a href=\"http:\/\/majaigucio.pl\/wp-content\/uploads\/2016\/02\/12193556_922789881133549_7271909317437726282_n.jpg\"><img loading=\"lazy\" class=\" size-medium wp-image-715 alignnone\" src=\"http:\/\/majaigucio.pl\/wp-content\/uploads\/2016\/02\/12193556_922789881133549_7271909317437726282_n-300x240.jpg\" alt=\"12193556_922789881133549_7271909317437726282_n\" width=\"300\" height=\"240\" \/><\/a> <a href=\"http:\/\/majaigucio.pl\/wp-content\/uploads\/2016\/02\/11168149_922789901133547_8785661201548708833_n.jpg\"><img loading=\"lazy\" class=\" size-medium wp-image-716 alignleft\" src=\"http:\/\/majaigucio.pl\/wp-content\/uploads\/2016\/02\/11168149_922789901133547_8785661201548708833_n-300x240.jpg\" alt=\"11168149_922789901133547_8785661201548708833_n\" width=\"300\" height=\"240\" \/><\/a><a href=\"http:\/\/majaigucio.pl\/wp-content\/uploads\/2016\/02\/12208425_922789697800234_4135462962510295674_n.jpg\"><br \/>\n<img loading=\"lazy\" class=\" size-medium wp-image-718 alignleft\" src=\"http:\/\/majaigucio.pl\/wp-content\/uploads\/2016\/02\/12208425_922789697800234_4135462962510295674_n-300x240.jpg\" alt=\"12208425_922789697800234_4135462962510295674_n\" width=\"300\" height=\"240\" \/><\/a> <a href=\"http:\/\/majaigucio.pl\/wp-content\/uploads\/2016\/02\/12193561_922789711133566_1702727187219201156_n.jpg\"><img loading=\"lazy\" class=\" size-medium wp-image-719 alignleft\" src=\"http:\/\/majaigucio.pl\/wp-content\/uploads\/2016\/02\/12193561_922789711133566_1702727187219201156_n-300x240.jpg\" alt=\"12193561_922789711133566_1702727187219201156_n\" width=\"300\" height=\"240\" \/><\/a><\/p>\n","protected":false},"excerpt":{"rendered":"<p>Muzeum to miejsce pe\u0142ne tajemnic i historii, kt\u00f3ra warto pobudza\u0107 w naszych dzieciach, czas na chwile si\u0119 tam zatrzymuje. Nasze przedszkolaki tak\u017ce odwiedzi\u0142y to wspania\u0142e miejsce w krakowskim muzeum. Podczas zaj\u0119\u0107 pt. &#8222;Ba\u015b\u0144 zimowa wok\u00f3\u0142 pejza\u017cu &#8221; dzieci podziwia\u0142y pi\u0119kne &hellip; <\/p>\n","protected":false},"author":1,"featured_media":0,"comment_status":"open","ping_status":"open","sticky":false,"template":"","format":"standard","meta":{"_mi_skip_tracking":false},"categories":[4],"tags":[],"_links":{"self":[{"href":"https:\/\/majaigucio.pl\/index.php\/wp-json\/wp\/v2\/posts\/714"}],"collection":[{"href":"https:\/\/majaigucio.pl\/index.php\/wp-json\/wp\/v2\/posts"}],"about":[{"href":"https:\/\/majaigucio.pl\/index.php\/wp-json\/wp\/v2\/types\/post"}],"author":[{"embeddable":true,"href":"https:\/\/majaigucio.pl\/index.php\/wp-json\/wp\/v2\/users\/1"}],"replies":[{"embeddable":true,"href":"https:\/\/majaigucio.pl\/index.php\/wp-json\/wp\/v2\/comments?post=714"}],"version-history":[{"count":0,"href":"https:\/\/majaigucio.pl\/index.php\/wp-json\/wp\/v2\/posts\/714\/revisions"}],"wp:attachment":[{"href":"https:\/\/majaigucio.pl\/index.php\/wp-json\/wp\/v2\/media?parent=714"}],"wp:term":[{"taxonomy":"category","embeddable":true,"href":"https:\/\/majaigucio.pl\/index.php\/wp-json\/wp\/v2\/categories?post=714"},{"taxonomy":"post_tag","embeddable":true,"href":"https:\/\/majaigucio.pl\/index.php\/wp-json\/wp\/v2\/tags?post=714"}],"curies":[{"name":"wp","href":"https:\/\/api.w.org\/{rel}","templated":true}]}}