{"id":662,"date":"2015-10-08T22:59:12","date_gmt":"2015-10-08T22:59:12","guid":{"rendered":"http:\/\/majaigucio.pl\/?p=662"},"modified":"2015-10-08T22:59:12","modified_gmt":"2015-10-08T22:59:12","slug":"kopalni-soli-w-bochni","status":"publish","type":"post","link":"https:\/\/majaigucio.pl\/index.php\/2015\/10\/08\/kopalni-soli-w-bochni\/","title":{"rendered":"KOPALNI SOLI W BOCHNI"},"content":{"rendered":"<p>W zesz\u0142\u0105 Sobot\u0119 nasze przedszkolaki wraz z rodzicami i nauczycielami wybra\u0142y si\u0119 na wycieczk\u0119 do KOPALNI SOLI w Bochni.<br \/>\nDla najm\u0142odszych turyst\u00f3w zosta\u0142 przygotowany bardzo interesuj\u0105cy spos\u00f3b zwiedzania, oparty na spotkaniach z tajemniczymi bohaterami boche\u0144skich legend oraz ciekawymi zagadkami, z kt\u00f3rymi nasze przedszkolaki \u015bwietnie sobie poradzi\u0142y (&#8222;Wielka Ksi\u0119ga Podziemnych Zagadek&#8221;) By\u0142a to niesamowita podr\u00f3\u017c od \u015bredniowiecza po czasy wsp\u00f3\u0142czesne. Wszyscy poznali\u015bmy histori\u0119 kopalni oraz skarbu, kt\u00f3ry si\u0119 w niej znajduj\u0119 S\u00d3L.<br \/>\nDzieci wykonywa\u0142y pi\u0119kne czapki g\u00f3rnika kt\u00f3re zabra\u0142y ze sob\u0105 jako pami\u0105tk\u0119 tej niesamowitej podr\u00f3\u017cy.<br \/>\nDzi\u0119ki tej wycieczce dzieci rozwija\u0142y swoj\u0105 wyobra\u017anie i wzbogaci\u0142y wiedz\u0119.<\/p>\n<p style=\"text-align: left;\"><a href=\"http:\/\/majaigucio.pl\/wp-content\/uploads\/2015\/10\/12052370_909663699112834_791020118282486117_o.jpg\"><img loading=\"lazy\" class=\" size-medium wp-image-663 aligncenter\" src=\"http:\/\/majaigucio.pl\/wp-content\/uploads\/2015\/10\/12052370_909663699112834_791020118282486117_o-300x240.jpg\" alt=\"12052370_909663699112834_791020118282486117_o\" width=\"300\" height=\"240\" \/><\/a><\/p>\n","protected":false},"excerpt":{"rendered":"<p>W zesz\u0142\u0105 Sobot\u0119 nasze przedszkolaki wraz z rodzicami i nauczycielami wybra\u0142y si\u0119 na wycieczk\u0119 do KOPALNI SOLI w Bochni. Dla najm\u0142odszych turyst\u00f3w zosta\u0142 przygotowany bardzo interesuj\u0105cy spos\u00f3b zwiedzania, oparty na spotkaniach z tajemniczymi bohaterami boche\u0144skich legend oraz ciekawymi zagadkami, z &hellip; <\/p>\n","protected":false},"author":1,"featured_media":0,"comment_status":"open","ping_status":"open","sticky":false,"template":"","format":"standard","meta":{"_mi_skip_tracking":false},"categories":[4],"tags":[],"_links":{"self":[{"href":"https:\/\/majaigucio.pl\/index.php\/wp-json\/wp\/v2\/posts\/662"}],"collection":[{"href":"https:\/\/majaigucio.pl\/index.php\/wp-json\/wp\/v2\/posts"}],"about":[{"href":"https:\/\/majaigucio.pl\/index.php\/wp-json\/wp\/v2\/types\/post"}],"author":[{"embeddable":true,"href":"https:\/\/majaigucio.pl\/index.php\/wp-json\/wp\/v2\/users\/1"}],"replies":[{"embeddable":true,"href":"https:\/\/majaigucio.pl\/index.php\/wp-json\/wp\/v2\/comments?post=662"}],"version-history":[{"count":0,"href":"https:\/\/majaigucio.pl\/index.php\/wp-json\/wp\/v2\/posts\/662\/revisions"}],"wp:attachment":[{"href":"https:\/\/majaigucio.pl\/index.php\/wp-json\/wp\/v2\/media?parent=662"}],"wp:term":[{"taxonomy":"category","embeddable":true,"href":"https:\/\/majaigucio.pl\/index.php\/wp-json\/wp\/v2\/categories?post=662"},{"taxonomy":"post_tag","embeddable":true,"href":"https:\/\/majaigucio.pl\/index.php\/wp-json\/wp\/v2\/tags?post=662"}],"curies":[{"name":"wp","href":"https:\/\/api.w.org\/{rel}","templated":true}]}}