{"id":404,"date":"2015-03-21T10:09:17","date_gmt":"2015-03-21T10:09:17","guid":{"rendered":"http:\/\/majaigucio.pl\/?p=404"},"modified":"2015-03-21T10:09:17","modified_gmt":"2015-03-21T10:09:17","slug":"witamy-wiosne","status":"publish","type":"post","link":"https:\/\/majaigucio.pl\/index.php\/2015\/03\/21\/witamy-wiosne\/","title":{"rendered":"WITAMY WIOSN\u0118"},"content":{"rendered":"<p>21 marca to pierwszy dzie\u0144 kalendarzowej wiosny. W naszym przedszkolu obchodzili\u015bmy go w\u0142a\u015bnie wczoraj \ud83d\ude42 Wszyscy razem przygotowali\u015bmy pi\u0119kn\u0105 Marzann\u0119, kt\u00f3ra symbolizuje z\u0142\u0105, d\u0142ug\u0105 i szar\u0105 zim\u0119. Zgodnie z tradycj\u0105 zosta\u0142a wykonana z siana oraz szmat. Ubrana w kolorow\u0105 sukienk\u0119 zdobion\u0105 przez kwiaty i motylki, kt\u00f3re wykona\u0142y dzieci wybra\u0142a si\u0119 z nami na spacer. Aby przywo\u0142a\u0107 na dobre wiosn\u0119 nale\u017cy oczywi\u015bcie Marzann\u0119 utopi\u0107. Pomimo tego, \u017ce Wis\u0142a znajduje si\u0119 daleko, naszej Marzannie si\u0119 nie upiek\u0142o, gdy\u017c pod przedszkolem czeka\u0142o na ni\u0105 wiadro pe\u0142ne wody \ud83d\ude42 Zatem mamy nadziej\u0119, \u017ce przed nami ju\u017c tylko same s\u0142oneczne dni!<\/p>\n<p><a href=\"http:\/\/majaigucio.pl\/wp-content\/uploads\/2015\/04\/10329241_811268782285660_1784910226215320531_n.jpg\"><img loading=\"lazy\" class=\"alignleft size-medium wp-image-405\" src=\"http:\/\/majaigucio.pl\/wp-content\/uploads\/2015\/04\/10329241_811268782285660_1784910226215320531_n-300x240.jpg\" alt=\"10329241_811268782285660_1784910226215320531_n\" width=\"300\" height=\"240\" \/><\/a> <a href=\"http:\/\/majaigucio.pl\/wp-content\/uploads\/2015\/04\/10996524_811268472285691_1483216217275021210_n.jpg\"><img loading=\"lazy\" class=\"alignleft size-medium wp-image-406\" src=\"http:\/\/majaigucio.pl\/wp-content\/uploads\/2015\/04\/10996524_811268472285691_1483216217275021210_n-300x240.jpg\" alt=\"10996524_811268472285691_1483216217275021210_n\" width=\"300\" height=\"240\" \/><\/a> <a href=\"http:\/\/majaigucio.pl\/wp-content\/uploads\/2015\/04\/10152548_811268558952349_6613645452717339237_n.jpg\"><img loading=\"lazy\" class=\"  wp-image-407 aligncenter\" src=\"http:\/\/majaigucio.pl\/wp-content\/uploads\/2015\/04\/10152548_811268558952349_6613645452717339237_n-300x165.jpg\" alt=\"10152548_811268558952349_6613645452717339237_n\" width=\"469\" height=\"258\" \/><\/a><\/p>\n","protected":false},"excerpt":{"rendered":"<p>21 marca to pierwszy dzie\u0144 kalendarzowej wiosny. W naszym przedszkolu obchodzili\u015bmy go w\u0142a\u015bnie wczoraj \ud83d\ude42 Wszyscy razem przygotowali\u015bmy pi\u0119kn\u0105 Marzann\u0119, kt\u00f3ra symbolizuje z\u0142\u0105, d\u0142ug\u0105 i szar\u0105 zim\u0119. Zgodnie z tradycj\u0105 zosta\u0142a wykonana z siana oraz szmat. Ubrana w kolorow\u0105 sukienk\u0119 &hellip; <\/p>\n","protected":false},"author":1,"featured_media":0,"comment_status":"open","ping_status":"open","sticky":false,"template":"","format":"standard","meta":{"_mi_skip_tracking":false},"categories":[4],"tags":[],"_links":{"self":[{"href":"https:\/\/majaigucio.pl\/index.php\/wp-json\/wp\/v2\/posts\/404"}],"collection":[{"href":"https:\/\/majaigucio.pl\/index.php\/wp-json\/wp\/v2\/posts"}],"about":[{"href":"https:\/\/majaigucio.pl\/index.php\/wp-json\/wp\/v2\/types\/post"}],"author":[{"embeddable":true,"href":"https:\/\/majaigucio.pl\/index.php\/wp-json\/wp\/v2\/users\/1"}],"replies":[{"embeddable":true,"href":"https:\/\/majaigucio.pl\/index.php\/wp-json\/wp\/v2\/comments?post=404"}],"version-history":[{"count":0,"href":"https:\/\/majaigucio.pl\/index.php\/wp-json\/wp\/v2\/posts\/404\/revisions"}],"wp:attachment":[{"href":"https:\/\/majaigucio.pl\/index.php\/wp-json\/wp\/v2\/media?parent=404"}],"wp:term":[{"taxonomy":"category","embeddable":true,"href":"https:\/\/majaigucio.pl\/index.php\/wp-json\/wp\/v2\/categories?post=404"},{"taxonomy":"post_tag","embeddable":true,"href":"https:\/\/majaigucio.pl\/index.php\/wp-json\/wp\/v2\/tags?post=404"}],"curies":[{"name":"wp","href":"https:\/\/api.w.org\/{rel}","templated":true}]}}