{"id":361,"date":"2015-02-14T15:42:00","date_gmt":"2015-02-14T15:42:00","guid":{"rendered":"http:\/\/majaigucio.pl\/?p=361"},"modified":"2015-02-14T15:42:00","modified_gmt":"2015-02-14T15:42:00","slug":"walentynki","status":"publish","type":"post","link":"https:\/\/majaigucio.pl\/index.php\/2015\/02\/14\/walentynki\/","title":{"rendered":"WALENTYNKI"},"content":{"rendered":"<p>W Walentynki w naszym przedszkolu kr\u00f3lowa\u0142 kolor czerwony. A wszystko przez obchodzone przez nas walentynki. Przedszkolaki wystrojone w czerwone ubranka wsp\u00f3lnie z ciociami \u015bwi\u0119towa\u0142y ten szczeg\u00f3lny dzie\u0144, w kt\u00f3rym pami\u0119ta si\u0119 o ukochanych przez nas<br \/>\nosobach. Ta\u0144czyli\u015bmy, bawili\u015bmy si\u0119, malowali\u015bmy serca, a na koniec cukierkami os\u0142odzili\u015bmy jeszcze bardziej ten mi\u0142y dzie\u0144.<\/p>\n<p><a href=\"http:\/\/majaigucio.pl\/wp-content\/uploads\/2015\/03\/10835296_791275547618317_2631072335911069195_o.jpg\"><br \/>\n<img loading=\"lazy\" class=\" size-medium wp-image-367 alignleft\" src=\"http:\/\/majaigucio.pl\/wp-content\/uploads\/2015\/03\/10502539_791275467618325_3797910346468163279_n-300x225.jpg\" alt=\"10502539_791275467618325_3797910346468163279_n\" width=\"300\" height=\"225\" \/><\/a><a href=\"http:\/\/majaigucio.pl\/wp-content\/uploads\/2015\/03\/11014660_791275494284989_7365208769126195627_n.jpg\"><img loading=\"lazy\" class=\" size-medium wp-image-366 alignleft\" src=\"http:\/\/majaigucio.pl\/wp-content\/uploads\/2015\/03\/11014660_791275494284989_7365208769126195627_n-300x225.jpg\" alt=\"11014660_791275494284989_7365208769126195627_n\" width=\"300\" height=\"225\" \/><\/a><a href=\"http:\/\/majaigucio.pl\/wp-content\/uploads\/2015\/03\/10835296_791275547618317_2631072335911069195_o.jpg\"><img loading=\"lazy\" class=\" size-medium wp-image-363 alignleft\" src=\"http:\/\/majaigucio.pl\/wp-content\/uploads\/2015\/03\/10835296_791275547618317_2631072335911069195_o-300x180.jpg\" alt=\"10835296_791275547618317_2631072335911069195_o\" width=\"300\" height=\"180\" \/><\/a><a href=\"http:\/\/majaigucio.pl\/wp-content\/uploads\/2015\/03\/10623913_791275534284985_4810510310274511700_o.jpg\"><img loading=\"lazy\" class=\" size-medium wp-image-365 alignleft\" src=\"http:\/\/majaigucio.pl\/wp-content\/uploads\/2015\/03\/10623913_791275534284985_4810510310274511700_o-300x180.jpg\" alt=\"10623913_791275534284985_4810510310274511700_o\" width=\"300\" height=\"180\" \/><\/a><a href=\"http:\/\/majaigucio.pl\/wp-content\/uploads\/2015\/03\/11014660_791275494284989_7365208769126195627_n.jpg\"><br \/>\n<\/a><\/p>\n","protected":false},"excerpt":{"rendered":"<p>W Walentynki w naszym przedszkolu kr\u00f3lowa\u0142 kolor czerwony. A wszystko przez obchodzone przez nas walentynki. Przedszkolaki wystrojone w czerwone ubranka wsp\u00f3lnie z ciociami \u015bwi\u0119towa\u0142y ten szczeg\u00f3lny dzie\u0144, w kt\u00f3rym pami\u0119ta si\u0119 o ukochanych przez nas osobach. Ta\u0144czyli\u015bmy, bawili\u015bmy si\u0119, malowali\u015bmy &hellip; <\/p>\n","protected":false},"author":1,"featured_media":0,"comment_status":"open","ping_status":"open","sticky":false,"template":"","format":"standard","meta":{"_mi_skip_tracking":false},"categories":[4],"tags":[],"_links":{"self":[{"href":"https:\/\/majaigucio.pl\/index.php\/wp-json\/wp\/v2\/posts\/361"}],"collection":[{"href":"https:\/\/majaigucio.pl\/index.php\/wp-json\/wp\/v2\/posts"}],"about":[{"href":"https:\/\/majaigucio.pl\/index.php\/wp-json\/wp\/v2\/types\/post"}],"author":[{"embeddable":true,"href":"https:\/\/majaigucio.pl\/index.php\/wp-json\/wp\/v2\/users\/1"}],"replies":[{"embeddable":true,"href":"https:\/\/majaigucio.pl\/index.php\/wp-json\/wp\/v2\/comments?post=361"}],"version-history":[{"count":0,"href":"https:\/\/majaigucio.pl\/index.php\/wp-json\/wp\/v2\/posts\/361\/revisions"}],"wp:attachment":[{"href":"https:\/\/majaigucio.pl\/index.php\/wp-json\/wp\/v2\/media?parent=361"}],"wp:term":[{"taxonomy":"category","embeddable":true,"href":"https:\/\/majaigucio.pl\/index.php\/wp-json\/wp\/v2\/categories?post=361"},{"taxonomy":"post_tag","embeddable":true,"href":"https:\/\/majaigucio.pl\/index.php\/wp-json\/wp\/v2\/tags?post=361"}],"curies":[{"name":"wp","href":"https:\/\/api.w.org\/{rel}","templated":true}]}}