{"id":352,"date":"2015-02-15T13:29:24","date_gmt":"2015-02-15T13:29:24","guid":{"rendered":"http:\/\/majaigucio.pl\/?p=352"},"modified":"2015-02-15T13:29:24","modified_gmt":"2015-02-15T13:29:24","slug":"bal-karnawalowy","status":"publish","type":"post","link":"https:\/\/majaigucio.pl\/index.php\/2015\/02\/15\/bal-karnawalowy\/","title":{"rendered":"BAL KARNAWA\u0141OWY"},"content":{"rendered":"<p style=\"text-align: left;\">W tym tygodniu w naszym przedszkolu odby\u0142 si\u0119 d\u0142ugo wyczekiwany przez dzieci bal karnawa\u0142owy. Wszyscy wygl\u0105dali nadzwyczajnie, ka\u017cdy chcia\u0142 zaprezentowa\u0107 si\u0119 w swoim stroju. Na zabawie pojawi\u0142y si\u0119: ksi\u0119\u017cniczki, wr\u00f3\u017cki, postacie z bajek i przer\u00f3\u017cne zwierz\u0105tka. Ka\u017cdy m\u00f3g\u0142 poczu\u0107 si\u0119 wyj\u0105tkowo i zaprezentowa\u0107 si\u0119 na czerwonym dywanie. Opr\u00f3cz tego dzieci ta\u0144czy\u0142y i bawi\u0142y si\u0119 przy muzyce. Podczas zabaw wszystkie przedszkolaki by\u0142y zadowolone i u\u015bmiechni\u0119te:)<\/p>\n<p><a href=\"http:\/\/majaigucio.pl\/wp-content\/uploads\/2015\/02\/DSCF1822-001.jpg\"><br \/>\n<img loading=\"lazy\" class=\" size-medium wp-image-353 alignleft\" src=\"http:\/\/majaigucio.pl\/wp-content\/uploads\/2015\/02\/DSCF1822-001-300x241.jpg\" alt=\"DSCF1822-001\" width=\"300\" height=\"241\" \/><\/a> <a href=\"http:\/\/majaigucio.pl\/wp-content\/uploads\/2015\/02\/DSCF1818-001.jpg\"><img loading=\"lazy\" class=\"alignnone size-medium wp-image-354\" src=\"http:\/\/majaigucio.pl\/wp-content\/uploads\/2015\/02\/DSCF1818-001-300x240.jpg\" alt=\"DSCF1818-001\" width=\"300\" height=\"240\" \/><\/a> <a href=\"http:\/\/majaigucio.pl\/wp-content\/uploads\/2015\/02\/DSCF1808-001.jpg\"><img loading=\"lazy\" class=\"alignnone size-medium wp-image-355\" src=\"http:\/\/majaigucio.pl\/wp-content\/uploads\/2015\/02\/DSCF1808-001-300x240.jpg\" alt=\"DSCF1808-001\" width=\"300\" height=\"240\" \/><\/a> <a href=\"http:\/\/majaigucio.pl\/wp-content\/uploads\/2015\/02\/DSCF1762-001.jpg\"><img loading=\"lazy\" class=\"alignnone size-medium wp-image-356\" src=\"http:\/\/majaigucio.pl\/wp-content\/uploads\/2015\/02\/DSCF1762-001-300x240.jpg\" alt=\"DSCF1762-001\" width=\"300\" height=\"240\" \/><\/a> <a href=\"http:\/\/majaigucio.pl\/wp-content\/uploads\/2015\/02\/DSCF1759-001.jpg\"><img loading=\"lazy\" class=\"alignnone size-medium wp-image-357\" src=\"http:\/\/majaigucio.pl\/wp-content\/uploads\/2015\/02\/DSCF1759-001-300x241.jpg\" alt=\"DSCF1759-001\" width=\"300\" height=\"241\" \/><\/a> <a href=\"http:\/\/majaigucio.pl\/wp-content\/uploads\/2015\/02\/DSCF1700-001.jpg\"><img loading=\"lazy\" class=\"alignnone size-medium wp-image-358 alignleft\" src=\"http:\/\/majaigucio.pl\/wp-content\/uploads\/2015\/02\/DSCF1700-001-300x241.jpg\" alt=\"DSCF1700-001\" width=\"300\" height=\"241\" \/><\/a><\/p>\n","protected":false},"excerpt":{"rendered":"<p>W tym tygodniu w naszym przedszkolu odby\u0142 si\u0119 d\u0142ugo wyczekiwany przez dzieci bal karnawa\u0142owy. Wszyscy wygl\u0105dali nadzwyczajnie, ka\u017cdy chcia\u0142 zaprezentowa\u0107 si\u0119 w swoim stroju. Na zabawie pojawi\u0142y si\u0119: ksi\u0119\u017cniczki, wr\u00f3\u017cki, postacie z bajek i przer\u00f3\u017cne zwierz\u0105tka. Ka\u017cdy m\u00f3g\u0142 poczu\u0107 si\u0119 &hellip; <\/p>\n","protected":false},"author":1,"featured_media":0,"comment_status":"open","ping_status":"open","sticky":false,"template":"","format":"standard","meta":{"_mi_skip_tracking":false},"categories":[4],"tags":[],"_links":{"self":[{"href":"https:\/\/majaigucio.pl\/index.php\/wp-json\/wp\/v2\/posts\/352"}],"collection":[{"href":"https:\/\/majaigucio.pl\/index.php\/wp-json\/wp\/v2\/posts"}],"about":[{"href":"https:\/\/majaigucio.pl\/index.php\/wp-json\/wp\/v2\/types\/post"}],"author":[{"embeddable":true,"href":"https:\/\/majaigucio.pl\/index.php\/wp-json\/wp\/v2\/users\/1"}],"replies":[{"embeddable":true,"href":"https:\/\/majaigucio.pl\/index.php\/wp-json\/wp\/v2\/comments?post=352"}],"version-history":[{"count":0,"href":"https:\/\/majaigucio.pl\/index.php\/wp-json\/wp\/v2\/posts\/352\/revisions"}],"wp:attachment":[{"href":"https:\/\/majaigucio.pl\/index.php\/wp-json\/wp\/v2\/media?parent=352"}],"wp:term":[{"taxonomy":"category","embeddable":true,"href":"https:\/\/majaigucio.pl\/index.php\/wp-json\/wp\/v2\/categories?post=352"},{"taxonomy":"post_tag","embeddable":true,"href":"https:\/\/majaigucio.pl\/index.php\/wp-json\/wp\/v2\/tags?post=352"}],"curies":[{"name":"wp","href":"https:\/\/api.w.org\/{rel}","templated":true}]}}