{"id":337,"date":"2015-01-29T19:23:47","date_gmt":"2015-01-29T19:23:47","guid":{"rendered":"http:\/\/majaigucio.pl\/?p=337"},"modified":"2015-01-29T19:23:47","modified_gmt":"2015-01-29T19:23:47","slug":"337","status":"publish","type":"post","link":"https:\/\/majaigucio.pl\/index.php\/2015\/01\/29\/337\/","title":{"rendered":"WYCIECZKA DO TEATRU GROTESKA"},"content":{"rendered":"<p>Teatr to wspania\u0142y, pe\u0142en magii i czar\u00f3w, \u015bwiat, w kt\u00f3rym niemo\u017cliwe staje si\u0119 prawd\u0105.<br \/>\n21.01 dzieci z naszego przedszkola wybra\u0142y si\u0119 do Teatru Groteska na przedstawienie pt.&#8221;Tygrys Pietrek&#8221;. Jest to historia przedstawiaj\u0105ca boja\u017aliwego t<span class=\"text_exposed_show\">ygryska, kt\u00f3ry poprzez swoje tch\u00f3rzliwe zachowanie traci ukochane paski. Zawstydzony wi\u0119c wyrusza w podr\u00f3\u017c, podczas kt\u00f3rej trafia mi\u0119dzy innymi na targ, gdzie pr\u00f3buje kupi\u0107 troch\u0119 odwagi&#8230;..<\/span><img loading=\"lazy\" class=\" size-medium wp-image-338 aligncenter\" src=\"http:\/\/majaigucio.pl\/wp-content\/uploads\/2015\/01\/10904586_777001819045690_4528913738579979717_o-300x196.jpg\" alt=\"10904586_777001819045690_4528913738579979717_o\" width=\"300\" height=\"196\" \/><img loading=\"lazy\" class=\" size-medium wp-image-339 alignleft\" src=\"http:\/\/majaigucio.pl\/wp-content\/uploads\/2015\/01\/10934146_777001915712347_2507963992065980487_o-300x213.jpg\" alt=\"10934146_777001915712347_2507963992065980487_o\" width=\"300\" height=\"213\" \/><img loading=\"lazy\" class=\"  wp-image-340 alignleft\" src=\"http:\/\/majaigucio.pl\/wp-content\/uploads\/2015\/01\/10904537_777001892379016_6956020618557868558_o-300x225.jpg\" alt=\"10904537_777001892379016_6956020618557868558_o\" width=\"282\" height=\"212\" \/><!--more-->Jest to historia przedstawiaj\u0105ca boja\u017aliwego t<span class=\"text_exposed_show\">ygryska, kt\u00f3ry poprzez swoje tch\u00f3rzliwe zachowanie traci ukochane paski. Zawstydzony wi\u0119c wyrusza w podr\u00f3\u017c, podczas kt\u00f3rej trafia mi\u0119dzy innymi na targ, gdzie pr\u00f3buje kupi\u0107 troch\u0119 odwagi. Nast\u0119pnie spotyka gro\u017anego krokodyla i trafia do bocianiego wojska. Jednak wszystko nadal budzi w nim l\u0119k i postanawia wr\u00f3ci\u0107 do domu, gdzie zastaje schorowan\u0105 mam\u0119. Pom\u00f3c jej mo\u017ce lekarz mieszkaj\u0105cy za g\u00f3rami, za przepa\u015bciami, a akurat panuje straszna burza. Tygrysek prze\u0142amuje sw\u00f3j l\u0119k i p\u0119dzi po pomoc. Za ten wyczyn inne tygrysy oddaj\u0105 mu jego ukochane paski. \ud83d\ude42\u00a0Przedstawienie z mora\u0142em, mn\u00f3stwem ciekawych postaci i piosenek bardzo podoba\u0142o si\u0119 naszym przedszkolakom.<\/span><\/p>\n<p>&nbsp;<\/p>\n","protected":false},"excerpt":{"rendered":"<p>Teatr to wspania\u0142y, pe\u0142en magii i czar\u00f3w, \u015bwiat, w kt\u00f3rym niemo\u017cliwe staje si\u0119 prawd\u0105. 21.01 dzieci z naszego przedszkola wybra\u0142y si\u0119 do Teatru Groteska na przedstawienie pt.&#8221;Tygrys Pietrek&#8221;. Jest to historia przedstawiaj\u0105ca boja\u017aliwego tygryska, kt\u00f3ry poprzez swoje tch\u00f3rzliwe zachowanie traci &hellip; <\/p>\n","protected":false},"author":1,"featured_media":0,"comment_status":"open","ping_status":"open","sticky":false,"template":"","format":"standard","meta":{"_mi_skip_tracking":false},"categories":[4],"tags":[],"_links":{"self":[{"href":"https:\/\/majaigucio.pl\/index.php\/wp-json\/wp\/v2\/posts\/337"}],"collection":[{"href":"https:\/\/majaigucio.pl\/index.php\/wp-json\/wp\/v2\/posts"}],"about":[{"href":"https:\/\/majaigucio.pl\/index.php\/wp-json\/wp\/v2\/types\/post"}],"author":[{"embeddable":true,"href":"https:\/\/majaigucio.pl\/index.php\/wp-json\/wp\/v2\/users\/1"}],"replies":[{"embeddable":true,"href":"https:\/\/majaigucio.pl\/index.php\/wp-json\/wp\/v2\/comments?post=337"}],"version-history":[{"count":0,"href":"https:\/\/majaigucio.pl\/index.php\/wp-json\/wp\/v2\/posts\/337\/revisions"}],"wp:attachment":[{"href":"https:\/\/majaigucio.pl\/index.php\/wp-json\/wp\/v2\/media?parent=337"}],"wp:term":[{"taxonomy":"category","embeddable":true,"href":"https:\/\/majaigucio.pl\/index.php\/wp-json\/wp\/v2\/categories?post=337"},{"taxonomy":"post_tag","embeddable":true,"href":"https:\/\/majaigucio.pl\/index.php\/wp-json\/wp\/v2\/tags?post=337"}],"curies":[{"name":"wp","href":"https:\/\/api.w.org\/{rel}","templated":true}]}}