{"id":324,"date":"2015-01-14T14:08:44","date_gmt":"2015-01-14T14:08:44","guid":{"rendered":"http:\/\/majaigucio.pl\/?p=324"},"modified":"2015-01-14T14:08:44","modified_gmt":"2015-01-14T14:08:44","slug":"kolejne-warsztaty-fizyczne-powietrze","status":"publish","type":"post","link":"https:\/\/majaigucio.pl\/index.php\/2015\/01\/14\/kolejne-warsztaty-fizyczne-powietrze\/","title":{"rendered":"KOLEJNE WARSZTATY FIZYCZNE &#8211; POWIETRZE"},"content":{"rendered":"<p>W tym tygodniu odby\u0142y si\u0119 kolejne warsztaty fizyczne, kt\u00f3rych tematem by\u0142o &#8222;Powietrze&#8221;. Dzieci dzi\u0119ki ciekawym do\u015bwiadczeniom, kt\u00f3re same wykonywa\u0142y, mog\u0142y dowiedzie\u0107 si\u0119 jak wygl\u0105da powietrze, czy mo\u017cna je zobaczy\u0107 i dotkn\u0105\u0107. Przedszkolaki mi\u0119dzy innymi obserwowa\u0142y jak dzia\u0142a poduszkowiec oraz w jaki spos\u00f3b mo\u017cna go samemu wykona\u0107, pr\u00f3bowali\u015bmy tak\u017ce zamkn\u0105\u0107 powietrze w r\u00f3\u017cnych przedmiotach. Wszyscy z ogromnym entuzjazmem brali udzia\u0142 w zabawie. Z niecierpliwo\u015bci\u0105 czekamy na kolejne zaj\u0119cia.<\/p>\n<p><a href=\"http:\/\/majaigucio.pl\/wp-content\/uploads\/2015\/01\/DSCF1284.jpg\"><img loading=\"lazy\" class=\"alignnone size-medium wp-image-328\" src=\"http:\/\/majaigucio.pl\/wp-content\/uploads\/2015\/01\/DSCF1334-300x240.jpg\" alt=\"DSCF1334\" width=\"300\" height=\"240\" \/><img loading=\"lazy\" class=\"alignnone size-medium wp-image-326\" src=\"http:\/\/majaigucio.pl\/wp-content\/uploads\/2015\/01\/DSCF1314-300x240.jpg\" alt=\"DSCF1314\" width=\"300\" height=\"240\" \/><img loading=\"lazy\" class=\"alignnone size-medium wp-image-325\" src=\"http:\/\/majaigucio.pl\/wp-content\/uploads\/2015\/01\/DSCF1284-300x239.jpg\" alt=\"DSCF1284\" width=\"300\" height=\"239\" \/><\/a>\u00a0\u00a0<a href=\"http:\/\/majaigucio.pl\/wp-content\/uploads\/2015\/01\/DSCF1324.jpg\"><img loading=\"lazy\" class=\"alignnone size-medium wp-image-327\" src=\"http:\/\/majaigucio.pl\/wp-content\/uploads\/2015\/01\/DSCF1324-300x240.jpg\" alt=\"DSCF1324\" width=\"300\" height=\"240\" \/><\/a><\/p>\n","protected":false},"excerpt":{"rendered":"<p>W tym tygodniu odby\u0142y si\u0119 kolejne warsztaty fizyczne, kt\u00f3rych tematem by\u0142o &#8222;Powietrze&#8221;. Dzieci dzi\u0119ki ciekawym do\u015bwiadczeniom, kt\u00f3re same wykonywa\u0142y, mog\u0142y dowiedzie\u0107 si\u0119 jak wygl\u0105da powietrze, czy mo\u017cna je zobaczy\u0107 i dotkn\u0105\u0107. Przedszkolaki mi\u0119dzy innymi obserwowa\u0142y jak dzia\u0142a poduszkowiec oraz w &hellip; <\/p>\n","protected":false},"author":1,"featured_media":0,"comment_status":"open","ping_status":"open","sticky":false,"template":"","format":"standard","meta":{"_mi_skip_tracking":false},"categories":[4],"tags":[],"_links":{"self":[{"href":"https:\/\/majaigucio.pl\/index.php\/wp-json\/wp\/v2\/posts\/324"}],"collection":[{"href":"https:\/\/majaigucio.pl\/index.php\/wp-json\/wp\/v2\/posts"}],"about":[{"href":"https:\/\/majaigucio.pl\/index.php\/wp-json\/wp\/v2\/types\/post"}],"author":[{"embeddable":true,"href":"https:\/\/majaigucio.pl\/index.php\/wp-json\/wp\/v2\/users\/1"}],"replies":[{"embeddable":true,"href":"https:\/\/majaigucio.pl\/index.php\/wp-json\/wp\/v2\/comments?post=324"}],"version-history":[{"count":0,"href":"https:\/\/majaigucio.pl\/index.php\/wp-json\/wp\/v2\/posts\/324\/revisions"}],"wp:attachment":[{"href":"https:\/\/majaigucio.pl\/index.php\/wp-json\/wp\/v2\/media?parent=324"}],"wp:term":[{"taxonomy":"category","embeddable":true,"href":"https:\/\/majaigucio.pl\/index.php\/wp-json\/wp\/v2\/categories?post=324"},{"taxonomy":"post_tag","embeddable":true,"href":"https:\/\/majaigucio.pl\/index.php\/wp-json\/wp\/v2\/tags?post=324"}],"curies":[{"name":"wp","href":"https:\/\/api.w.org\/{rel}","templated":true}]}}