{"id":308,"date":"2015-01-10T21:24:51","date_gmt":"2015-01-10T21:24:51","guid":{"rendered":"http:\/\/majaigucio.pl\/?p=308"},"modified":"2015-01-10T21:24:51","modified_gmt":"2015-01-10T21:24:51","slug":"jaselka","status":"publish","type":"post","link":"https:\/\/majaigucio.pl\/index.php\/2015\/01\/10\/jaselka\/","title":{"rendered":"JASE\u0141KA"},"content":{"rendered":"<p><span style=\"color: #141823;\">Tradycj\u0105 naszego Przedszkola s\u0105 coroczne jase\u0142ka przygotowywane przez uczni\u00f3w pod opiek\u0105 nauczycieli.\u00a0<\/span><br style=\"color: #141823;\" \/><span style=\"color: #141823;\">Nie inaczej by\u0142o w tym roku. W pi\u0119knie udekorowanej sali zebra\u0142y si\u0119 dzie<\/span><span class=\"text_exposed_show\" style=\"color: #141823;\">ci i ich najbli\u017csi.Wyst\u0119py naszych Przedszkolak\u00f3w wprowadzi\u0142y zgromadzon\u0105 publiczno\u015b\u0107 w \u015bwi\u0105teczny nastr\u00f3j. Dzieci wiele czasu i wysi\u0142ku w\u0142o\u017cy\u0142y w przygotowanie tego wydarzenia, co mo\u017cna by\u0142o zaobserwowa\u0107 na scenie.<br \/>\nPierwsze wyst\u0105pi\u0142y Biedronki, kt\u00f3re debiutowa\u0142y na du\u017cej scenie i doskonale da\u0142y sobie rad\u0119. Nast\u0119pnie mo\u017cna by\u0142o ogl\u0105da\u0107 wyst\u0119py artystyczne grupy Pszcz\u00f3\u0142ek i Motylk\u00f3w. Bardzo dzi\u0119kujemy wszystkim za obecno\u015b\u0107, a rodzicom za pomoc :).<br \/>\nDyrekcja przedszkola dzi\u0119kuje kadrze, za w\u0142o\u017cony wysi\u0142ek w przegotowanie pi\u0119knych jase\u0142ek. \ud83d\ude42<\/span><\/p>\n<p><a href=\"http:\/\/majaigucio.pl\/wp-content\/uploads\/2015\/01\/DSCF1005.jpg\"><img loading=\"lazy\" class=\"alignnone size-medium wp-image-309\" src=\"http:\/\/majaigucio.pl\/wp-content\/uploads\/2015\/01\/DSCF1005-300x240.jpg\" alt=\"DSCF1005\" width=\"300\" height=\"240\" \/><\/a> \u00a0<a href=\"http:\/\/majaigucio.pl\/wp-content\/uploads\/2015\/01\/DSCF1015.jpg\"><img loading=\"lazy\" class=\"alignnone size-medium wp-image-311\" src=\"http:\/\/majaigucio.pl\/wp-content\/uploads\/2015\/01\/DSCF1015-300x240.jpg\" alt=\"DSCF1015\" width=\"300\" height=\"240\" \/><\/a> <a href=\"http:\/\/majaigucio.pl\/wp-content\/uploads\/2015\/01\/DSCF1023.jpg\"><img loading=\"lazy\" class=\"alignnone size-medium wp-image-312\" src=\"http:\/\/majaigucio.pl\/wp-content\/uploads\/2015\/01\/DSCF1023-300x240.jpg\" alt=\"DSCF1023\" width=\"300\" height=\"240\" \/><\/a> <a href=\"http:\/\/majaigucio.pl\/wp-content\/uploads\/2015\/01\/DSCF1030.jpg\"><img loading=\"lazy\" class=\"alignnone size-medium wp-image-313\" src=\"http:\/\/majaigucio.pl\/wp-content\/uploads\/2015\/01\/DSCF1030-300x240.jpg\" alt=\"DSCF1030\" width=\"300\" height=\"240\" \/><\/a> \u00a0\u00a0<a href=\"http:\/\/majaigucio.pl\/wp-content\/uploads\/2015\/01\/DSCF1110.jpg\"><img loading=\"lazy\" class=\"alignnone size-medium wp-image-316\" src=\"http:\/\/majaigucio.pl\/wp-content\/uploads\/2015\/01\/DSCF1110-300x240.jpg\" alt=\"DSCF1110\" width=\"300\" height=\"240\" \/><\/a> \u00a0<a href=\"http:\/\/majaigucio.pl\/wp-content\/uploads\/2015\/01\/DSCF1133.jpg\"><img loading=\"lazy\" class=\"alignnone size-medium wp-image-318\" src=\"http:\/\/majaigucio.pl\/wp-content\/uploads\/2015\/01\/DSCF1133-300x240.jpg\" alt=\"DSCF1133\" width=\"300\" height=\"240\" \/><\/a> <a href=\"http:\/\/majaigucio.pl\/wp-content\/uploads\/2015\/01\/DSCF1156.jpg\"><img loading=\"lazy\" class=\" wp-image-319 aligncenter\" src=\"http:\/\/majaigucio.pl\/wp-content\/uploads\/2015\/01\/DSCF1156-300x136.jpg\" alt=\"DSCF1156\" width=\"353\" height=\"160\" \/><\/a><\/p>\n","protected":false},"excerpt":{"rendered":"<p>Tradycj\u0105 naszego Przedszkola s\u0105 coroczne jase\u0142ka przygotowywane przez uczni\u00f3w pod opiek\u0105 nauczycieli.\u00a0Nie inaczej by\u0142o w tym roku. W pi\u0119knie udekorowanej sali zebra\u0142y si\u0119 dzieci i ich najbli\u017csi.Wyst\u0119py naszych Przedszkolak\u00f3w wprowadzi\u0142y zgromadzon\u0105 publiczno\u015b\u0107 w \u015bwi\u0105teczny nastr\u00f3j. Dzieci wiele czasu i wysi\u0142ku &hellip; <\/p>\n","protected":false},"author":1,"featured_media":0,"comment_status":"open","ping_status":"open","sticky":false,"template":"","format":"standard","meta":{"_mi_skip_tracking":false},"categories":[4],"tags":[],"_links":{"self":[{"href":"https:\/\/majaigucio.pl\/index.php\/wp-json\/wp\/v2\/posts\/308"}],"collection":[{"href":"https:\/\/majaigucio.pl\/index.php\/wp-json\/wp\/v2\/posts"}],"about":[{"href":"https:\/\/majaigucio.pl\/index.php\/wp-json\/wp\/v2\/types\/post"}],"author":[{"embeddable":true,"href":"https:\/\/majaigucio.pl\/index.php\/wp-json\/wp\/v2\/users\/1"}],"replies":[{"embeddable":true,"href":"https:\/\/majaigucio.pl\/index.php\/wp-json\/wp\/v2\/comments?post=308"}],"version-history":[{"count":0,"href":"https:\/\/majaigucio.pl\/index.php\/wp-json\/wp\/v2\/posts\/308\/revisions"}],"wp:attachment":[{"href":"https:\/\/majaigucio.pl\/index.php\/wp-json\/wp\/v2\/media?parent=308"}],"wp:term":[{"taxonomy":"category","embeddable":true,"href":"https:\/\/majaigucio.pl\/index.php\/wp-json\/wp\/v2\/categories?post=308"},{"taxonomy":"post_tag","embeddable":true,"href":"https:\/\/majaigucio.pl\/index.php\/wp-json\/wp\/v2\/tags?post=308"}],"curies":[{"name":"wp","href":"https:\/\/api.w.org\/{rel}","templated":true}]}}