{"id":300,"date":"2014-12-22T21:21:47","date_gmt":"2014-12-22T21:21:47","guid":{"rendered":"http:\/\/majaigucio.pl\/?p=300"},"modified":"2014-12-22T21:21:47","modified_gmt":"2014-12-22T21:21:47","slug":"swiateczne-zajecia-otwarte","status":"publish","type":"post","link":"https:\/\/majaigucio.pl\/index.php\/2014\/12\/22\/swiateczne-zajecia-otwarte\/","title":{"rendered":"\u015aWI\u0104TECZNE ZAJ\u0118CIA OTWARTE"},"content":{"rendered":"<p><span style=\"color: #141823;\">\u015awi\u0105teczne zaj\u0119cia otwarte to ju\u017c taka nasza ma\u0142a tradycja.\u00a0<\/span><i class=\"_4-k1 img sp_Uv0xZx7Cw5K sx_74773b\" style=\"color: #141823;\"><\/i><span style=\"color: #141823;\">\u00a0W tym roku zaprosili\u015bmy pa\u0144stwa wraz z dzie\u0107mi do wzi\u0119cia udzia\u0142u we wsp\u00f3lnym \u015bpiewaniu kol\u0119d przy akompaniamencie skrzypiec. Nast\u0119pnie w ruch posz\u0142y no\u017cyczki kleje, kolorowe kar<\/span><span class=\"text_exposed_show\" style=\"color: #141823;\">tki, brokat, cekiny i wiele innych materia\u0142\u00f3w, kt\u00f3re pos\u0142u\u017cy\u0142y nam do wykonania ozd\u00f3b choinkowych. Nie oby\u0142o si\u0119 oczywi\u015bcie bez wykonania kolorowego \u0142a\u0144cucha, kt\u00f3rego d\u0142ugo\u015b\u0107 przeros\u0142a nasze choinki\u00a0<i class=\"_4-k1 img sp_Uv0xZx7Cw5K sx_74773b\"><\/i>\u00a0Za obecno\u015b\u0107 i zaanga\u017cowanie wszystkim serdecznie dzi\u0119kujemy.<\/span><\/p>\n<p><a href=\"http:\/\/majaigucio.pl\/wp-content\/uploads\/2015\/01\/10863873_757833187629220_2491552942495765708_o.jpg\"><img loading=\"lazy\" class=\"alignnone size-medium wp-image-302\" src=\"http:\/\/majaigucio.pl\/wp-content\/uploads\/2015\/01\/10863873_757833187629220_2491552942495765708_o-300x240.jpg\" alt=\"10863873_757833187629220_2491552942495765708_o\" width=\"300\" height=\"240\" \/><\/a> <a href=\"http:\/\/majaigucio.pl\/wp-content\/uploads\/2015\/01\/10838280_757833224295883_7517834883739666435_o.jpg\"><img loading=\"lazy\" class=\"alignnone size-medium wp-image-304\" src=\"http:\/\/majaigucio.pl\/wp-content\/uploads\/2015\/01\/10854987_757832984295907_6366294240464447632_o-300x239.jpg\" alt=\"10854987_757832984295907_6366294240464447632_o\" width=\"300\" height=\"239\" \/><img loading=\"lazy\" class=\"alignnone size-medium wp-image-303\" src=\"http:\/\/majaigucio.pl\/wp-content\/uploads\/2015\/01\/10838280_757833224295883_7517834883739666435_o-300x240.jpg\" alt=\"10838280_757833224295883_7517834883739666435_o\" width=\"300\" height=\"240\" \/><\/a>\u00a0\u00a0<a href=\"http:\/\/majaigucio.pl\/wp-content\/uploads\/2015\/01\/10869320_757833054295900_8254038143352483955_o.jpg\"><img loading=\"lazy\" class=\"alignnone size-medium wp-image-305\" src=\"http:\/\/majaigucio.pl\/wp-content\/uploads\/2015\/01\/10869320_757833054295900_8254038143352483955_o-300x239.jpg\" alt=\"10869320_757833054295900_8254038143352483955_o\" width=\"300\" height=\"239\" \/><\/a> <a href=\"http:\/\/majaigucio.pl\/wp-content\/uploads\/2015\/01\/10680047_757833074295898_5692024642775224778_o.jpg\"><img loading=\"lazy\" class=\"size-medium wp-image-306 aligncenter\" src=\"http:\/\/majaigucio.pl\/wp-content\/uploads\/2015\/01\/10680047_757833074295898_5692024642775224778_o-300x240.jpg\" alt=\"10680047_757833074295898_5692024642775224778_o\" width=\"300\" height=\"240\" \/><\/a><\/p>\n","protected":false},"excerpt":{"rendered":"<p>\u015awi\u0105teczne zaj\u0119cia otwarte to ju\u017c taka nasza ma\u0142a tradycja.\u00a0\u00a0W tym roku zaprosili\u015bmy pa\u0144stwa wraz z dzie\u0107mi do wzi\u0119cia udzia\u0142u we wsp\u00f3lnym \u015bpiewaniu kol\u0119d przy akompaniamencie skrzypiec. Nast\u0119pnie w ruch posz\u0142y no\u017cyczki kleje, kolorowe kartki, brokat, cekiny i wiele innych materia\u0142\u00f3w, &hellip; <\/p>\n","protected":false},"author":1,"featured_media":0,"comment_status":"open","ping_status":"open","sticky":false,"template":"","format":"standard","meta":{"_mi_skip_tracking":false},"categories":[4],"tags":[],"_links":{"self":[{"href":"https:\/\/majaigucio.pl\/index.php\/wp-json\/wp\/v2\/posts\/300"}],"collection":[{"href":"https:\/\/majaigucio.pl\/index.php\/wp-json\/wp\/v2\/posts"}],"about":[{"href":"https:\/\/majaigucio.pl\/index.php\/wp-json\/wp\/v2\/types\/post"}],"author":[{"embeddable":true,"href":"https:\/\/majaigucio.pl\/index.php\/wp-json\/wp\/v2\/users\/1"}],"replies":[{"embeddable":true,"href":"https:\/\/majaigucio.pl\/index.php\/wp-json\/wp\/v2\/comments?post=300"}],"version-history":[{"count":0,"href":"https:\/\/majaigucio.pl\/index.php\/wp-json\/wp\/v2\/posts\/300\/revisions"}],"wp:attachment":[{"href":"https:\/\/majaigucio.pl\/index.php\/wp-json\/wp\/v2\/media?parent=300"}],"wp:term":[{"taxonomy":"category","embeddable":true,"href":"https:\/\/majaigucio.pl\/index.php\/wp-json\/wp\/v2\/categories?post=300"},{"taxonomy":"post_tag","embeddable":true,"href":"https:\/\/majaigucio.pl\/index.php\/wp-json\/wp\/v2\/tags?post=300"}],"curies":[{"name":"wp","href":"https:\/\/api.w.org\/{rel}","templated":true}]}}