{"id":262,"date":"2014-12-06T20:50:14","date_gmt":"2014-12-06T20:50:14","guid":{"rendered":"http:\/\/majaigucio.pl\/?p=262"},"modified":"2014-12-06T20:50:14","modified_gmt":"2014-12-06T20:50:14","slug":"odwiedziny-swietego-mikolaja","status":"publish","type":"post","link":"https:\/\/majaigucio.pl\/index.php\/2014\/12\/06\/odwiedziny-swietego-mikolaja\/","title":{"rendered":"ODWIEDZINY \u015aWI\u0118TEGO MIKO\u0141AJA"},"content":{"rendered":"<p style=\"text-align: justify;\"><span style=\"color: #141823;\">Dla dzieci z z Naszego Przedszkola ju\u017c od rana, by\u0142 to wyj\u0105tkowy dzie\u0144, poniewa\u017c swoj\u0105 wizyt\u0119 zapowiedzia\u0142 \u015awi\u0119ty Miko\u0142aj. Nas\u0142uchiwa\u0142y wi\u0119c niecierpliwie d\u017awi\u0119ku dzwonka, kt\u00f3ry poprzedza pojawienie si\u0119 tego mi\u0142ego go\u015bcia. Kiedy wreszcie p<\/span><span class=\"text_exposed_show\" style=\"color: #141823;\">rzyjecha\u0142 w towarzystwie swojego pomocnego Elfa, u\u015bmiechy nie znika\u0142y z ich buzi. Ka\u017cde dziecko z r\u0105k \u015awi\u0119tego Miko\u0142aja otrzyma\u0142o pi\u0119kny prezent. R\u00f3wnie\u017c przedszkolaki przygotowa\u0142y dla swoich go\u015bci niespodziank\u0119, kt\u00f3r\u0105 by\u0142y piosenki. Miko\u0142aj nie ukrywa\u0142 swojej rado\u015bci\u00a0<i class=\"_4-k1 img sp_Uv0xZx7Cw5K sx_74773b\"><\/i>\u00a0Ka\u017cdy przedszkolak m\u00f3g\u0142 si\u0119 z nim przywita\u0107, usi\u0105\u015b\u0107 na kolana, a nawet szepn\u0105\u0107 co\u015b do ucha\u00a0<i class=\"_4-k1 img sp_Uv0xZx7Cw5K sx_74773b\"><\/i><br \/>\nMiko\u0142aju dzi\u0119kujemy i zapraszamy Ci\u0119 za rok!!<\/span><\/p>\n<p style=\"text-align: justify;\"><a href=\"http:\/\/majaigucio.pl\/wp-content\/uploads\/2015\/01\/10624091_750929771652895_3067285822878203164_o.jpg\"><img loading=\"lazy\" class=\"alignnone  wp-image-264\" src=\"http:\/\/majaigucio.pl\/wp-content\/uploads\/2015\/01\/10835377_750930031652869_3747160861457873325_o-300x240.jpg\" alt=\"10835377_750930031652869_3747160861457873325_o\" width=\"279\" height=\"223\" \/><img loading=\"lazy\" class=\"alignnone  wp-image-268\" src=\"http:\/\/majaigucio.pl\/wp-content\/uploads\/2015\/01\/10854840_750929911652881_8047885393596280214_o-300x223.jpg\" alt=\"10854840_750929911652881_8047885393596280214_o\" width=\"311\" height=\"231\" \/><\/a> \u00a0<a href=\"http:\/\/majaigucio.pl\/wp-content\/uploads\/2015\/01\/10860820_750930011652871_4731308688093623314_o.jpg\"><img loading=\"lazy\" class=\"alignnone size-medium wp-image-265\" src=\"http:\/\/majaigucio.pl\/wp-content\/uploads\/2015\/01\/10860820_750930011652871_4731308688093623314_o-300x239.jpg\" alt=\"10860820_750930011652871_4731308688093623314_o\" width=\"300\" height=\"239\" \/><\/a>\u00a0<a href=\"http:\/\/majaigucio.pl\/wp-content\/uploads\/2015\/01\/10688373_750930061652866_3914939567056097311_o.jpg\"><img loading=\"lazy\" class=\"alignnone size-medium wp-image-266\" src=\"http:\/\/majaigucio.pl\/wp-content\/uploads\/2015\/01\/10688373_750930061652866_3914939567056097311_o-300x240.jpg\" alt=\"10688373_750930061652866_3914939567056097311_o\" width=\"300\" height=\"240\" \/><\/a><\/p>\n","protected":false},"excerpt":{"rendered":"<p>Dla dzieci z z Naszego Przedszkola ju\u017c od rana, by\u0142 to wyj\u0105tkowy dzie\u0144, poniewa\u017c swoj\u0105 wizyt\u0119 zapowiedzia\u0142 \u015awi\u0119ty Miko\u0142aj. Nas\u0142uchiwa\u0142y wi\u0119c niecierpliwie d\u017awi\u0119ku dzwonka, kt\u00f3ry poprzedza pojawienie si\u0119 tego mi\u0142ego go\u015bcia. Kiedy wreszcie przyjecha\u0142 w towarzystwie swojego pomocnego Elfa, u\u015bmiechy &hellip; <\/p>\n","protected":false},"author":1,"featured_media":0,"comment_status":"open","ping_status":"open","sticky":false,"template":"","format":"standard","meta":{"_mi_skip_tracking":false},"categories":[4],"tags":[],"_links":{"self":[{"href":"https:\/\/majaigucio.pl\/index.php\/wp-json\/wp\/v2\/posts\/262"}],"collection":[{"href":"https:\/\/majaigucio.pl\/index.php\/wp-json\/wp\/v2\/posts"}],"about":[{"href":"https:\/\/majaigucio.pl\/index.php\/wp-json\/wp\/v2\/types\/post"}],"author":[{"embeddable":true,"href":"https:\/\/majaigucio.pl\/index.php\/wp-json\/wp\/v2\/users\/1"}],"replies":[{"embeddable":true,"href":"https:\/\/majaigucio.pl\/index.php\/wp-json\/wp\/v2\/comments?post=262"}],"version-history":[{"count":0,"href":"https:\/\/majaigucio.pl\/index.php\/wp-json\/wp\/v2\/posts\/262\/revisions"}],"wp:attachment":[{"href":"https:\/\/majaigucio.pl\/index.php\/wp-json\/wp\/v2\/media?parent=262"}],"wp:term":[{"taxonomy":"category","embeddable":true,"href":"https:\/\/majaigucio.pl\/index.php\/wp-json\/wp\/v2\/categories?post=262"},{"taxonomy":"post_tag","embeddable":true,"href":"https:\/\/majaigucio.pl\/index.php\/wp-json\/wp\/v2\/tags?post=262"}],"curies":[{"name":"wp","href":"https:\/\/api.w.org\/{rel}","templated":true}]}}