{"id":239,"date":"2014-11-15T20:33:54","date_gmt":"2014-11-15T20:33:54","guid":{"rendered":"http:\/\/majaigucio.pl\/?p=239"},"modified":"2014-11-15T20:33:54","modified_gmt":"2014-11-15T20:33:54","slug":"pasowanie-na-przedszkolaka","status":"publish","type":"post","link":"https:\/\/majaigucio.pl\/index.php\/2014\/11\/15\/pasowanie-na-przedszkolaka\/","title":{"rendered":"PASOWANIE NA PRZEDSZKOLAKA"},"content":{"rendered":"<p><span style=\"color: #141823;\">Za nami bardzo wa\u017cne wydarzenie z udzia\u0142em dzieci i rodzic\u00f3w, mianowicie &#8222;Pasowanie na Przedszkolaka&#8221;. Eleganckie stroje, ogromne skupienie i pi\u0119kny wyst\u0119p Biedroneczek, oraz w<\/span><span class=\"text_exposed_show\" style=\"color: #141823;\">itaj\u0105cych ich w przedszkolu starszych koleg\u00f3w to wszystko mo\u017cna by\u0142o podziwia\u0107 podczas uroczysto\u015bci. By\u0142 to pierwszy tak wa\u017cny i powa\u017cny debiut przedszkolak\u00f3w z najm\u0142odszej grupy. Dzieci podesz\u0142y do tego z entuzjazmem, przez wiele dni pilnie uczy\u0142y si\u0119 piosenek, wierszy i ta\u0144c\u00f3w, cierpliwie znosi\u0142y pr\u00f3by cz\u0119\u015bci artystycznej. Pasowania, olbrzymim o\u0142\u00f3wkiem dokona\u0142a nasza Pani Dyrektor. Ka\u017cdy przedszkolak otrzyma\u0142 pami\u0105tkowy dyplom oraz drobny upominek na dobry pocz\u0105tek wsp\u00f3lnych czterech lat edukacji przedszkolnej.Dzi\u0119kujemy rodzicom za przybycie i bardzo pomocny udzia\u0142 podczas wyst\u0119pu \u00a0\ud83d\ude42<\/span><\/p>\n<p><a href=\"http:\/\/majaigucio.pl\/wp-content\/uploads\/2015\/01\/10700305_740617242684148_2997982586963164801_o.jpg\"><img loading=\"lazy\" class=\"alignnone size-medium wp-image-240\" src=\"http:\/\/majaigucio.pl\/wp-content\/uploads\/2015\/01\/10700305_740617242684148_2997982586963164801_o-300x240.jpg\" alt=\"10700305_740617242684148_2997982586963164801_o\" width=\"300\" height=\"240\" \/><\/a> <a href=\"http:\/\/majaigucio.pl\/wp-content\/uploads\/2015\/01\/10688113_740617132684159_8261353302964564752_o.jpg\"><img loading=\"lazy\" class=\"alignnone size-medium wp-image-241\" src=\"http:\/\/majaigucio.pl\/wp-content\/uploads\/2015\/01\/10688113_740617132684159_8261353302964564752_o-300x240.jpg\" alt=\"10688113_740617132684159_8261353302964564752_o\" width=\"300\" height=\"240\" \/><\/a> <a href=\"http:\/\/majaigucio.pl\/wp-content\/uploads\/2015\/01\/10476250_740617169350822_6213814159497943561_o.jpg\"><img loading=\"lazy\" class=\"alignnone size-medium wp-image-242\" src=\"http:\/\/majaigucio.pl\/wp-content\/uploads\/2015\/01\/10476250_740617169350822_6213814159497943561_o-300x240.jpg\" alt=\"10476250_740617169350822_6213814159497943561_o\" width=\"300\" height=\"240\" \/><\/a> <a href=\"http:\/\/majaigucio.pl\/wp-content\/uploads\/2015\/01\/10733712_740617186017487_6294031792481153876_o.jpg\"><img loading=\"lazy\" class=\"alignnone size-medium wp-image-243\" src=\"http:\/\/majaigucio.pl\/wp-content\/uploads\/2015\/01\/10733712_740617186017487_6294031792481153876_o-300x240.jpg\" alt=\"10733712_740617186017487_6294031792481153876_o\" width=\"300\" height=\"240\" \/><\/a> <a href=\"http:\/\/majaigucio.pl\/wp-content\/uploads\/2015\/01\/10457735_740617146017491_3455238616983359783_o.jpg\"><img loading=\"lazy\" class=\"alignnone size-medium wp-image-244\" src=\"http:\/\/majaigucio.pl\/wp-content\/uploads\/2015\/01\/10457735_740617146017491_3455238616983359783_o-300x240.jpg\" alt=\"10457735_740617146017491_3455238616983359783_o\" width=\"300\" height=\"240\" \/><\/a> <a href=\"http:\/\/majaigucio.pl\/wp-content\/uploads\/2015\/01\/10708586_740617252684147_7997855428641240153_o.jpg\"><img loading=\"lazy\" class=\"alignnone size-medium wp-image-245\" src=\"http:\/\/majaigucio.pl\/wp-content\/uploads\/2015\/01\/10708586_740617252684147_7997855428641240153_o-300x240.jpg\" alt=\"10708586_740617252684147_7997855428641240153_o\" width=\"300\" height=\"240\" \/><\/a><\/p>\n","protected":false},"excerpt":{"rendered":"<p>Za nami bardzo wa\u017cne wydarzenie z udzia\u0142em dzieci i rodzic\u00f3w, mianowicie &#8222;Pasowanie na Przedszkolaka&#8221;. Eleganckie stroje, ogromne skupienie i pi\u0119kny wyst\u0119p Biedroneczek, oraz witaj\u0105cych ich w przedszkolu starszych koleg\u00f3w to wszystko mo\u017cna by\u0142o podziwia\u0107 podczas uroczysto\u015bci. By\u0142 to pierwszy tak &hellip; <\/p>\n","protected":false},"author":1,"featured_media":0,"comment_status":"open","ping_status":"open","sticky":false,"template":"","format":"standard","meta":{"_mi_skip_tracking":false},"categories":[4],"tags":[],"_links":{"self":[{"href":"https:\/\/majaigucio.pl\/index.php\/wp-json\/wp\/v2\/posts\/239"}],"collection":[{"href":"https:\/\/majaigucio.pl\/index.php\/wp-json\/wp\/v2\/posts"}],"about":[{"href":"https:\/\/majaigucio.pl\/index.php\/wp-json\/wp\/v2\/types\/post"}],"author":[{"embeddable":true,"href":"https:\/\/majaigucio.pl\/index.php\/wp-json\/wp\/v2\/users\/1"}],"replies":[{"embeddable":true,"href":"https:\/\/majaigucio.pl\/index.php\/wp-json\/wp\/v2\/comments?post=239"}],"version-history":[{"count":0,"href":"https:\/\/majaigucio.pl\/index.php\/wp-json\/wp\/v2\/posts\/239\/revisions"}],"wp:attachment":[{"href":"https:\/\/majaigucio.pl\/index.php\/wp-json\/wp\/v2\/media?parent=239"}],"wp:term":[{"taxonomy":"category","embeddable":true,"href":"https:\/\/majaigucio.pl\/index.php\/wp-json\/wp\/v2\/categories?post=239"},{"taxonomy":"post_tag","embeddable":true,"href":"https:\/\/majaigucio.pl\/index.php\/wp-json\/wp\/v2\/tags?post=239"}],"curies":[{"name":"wp","href":"https:\/\/api.w.org\/{rel}","templated":true}]}}