{"id":23,"date":"2014-05-30T10:33:30","date_gmt":"2014-05-30T10:33:30","guid":{"rendered":"http:\/\/majaigucio.pl\/?p=23"},"modified":"2014-05-30T10:33:30","modified_gmt":"2014-05-30T10:33:30","slug":"biedroneczki-poznaja-zawody","status":"publish","type":"post","link":"https:\/\/majaigucio.pl\/index.php\/2014\/05\/30\/biedroneczki-poznaja-zawody\/","title":{"rendered":"Nasze Biedroneczki poznaj\u0105 zawody:)"},"content":{"rendered":"<p>W tym tygodniu Biedronki poznaj\u0105 r\u00f3\u017cne zawody. Ogromnym zainteresowaniem cieszy\u0142 si\u0119 zaw\u00f3d fryzjera. Maluchy doskonale wiedzia\u0142y, \u017ce wykonuj\u0105c ten zaw\u00f3d trzeba dobrze obcina\u0107 w\u0142osy. Wi\u0119c ka\u017cdy m\u00f3g\u0142 spr\u00f3bowa\u0107 wcieli\u0107 si\u0119 w rol\u0119 fryzjera i o<span class=\"text_exposed_show\">bci\u0105\u0107 w\u0142osy naszemu manekinowi (w\u0142osy by\u0142y zrobione z pask\u00f3w papieru).\u00a0<i class=\"_4-k1 img sp_Yu7FL4-TAPR sx_aae0f5\"><\/i>\u00a0<\/span><!--more--><\/p>\n<p><span class=\"text_exposed_show\">Wszyscy \u015bwietnie sobie poradzili. Nast\u0119pnie zadaniem Biedronek by\u0142o stworzenie balowej fryzury. My\u015bl\u0119, \u017ce niejeden fachowiec wypad\u0142 by marnie przy naszych ma\u0142ych stylistach.\u00a0<\/span><\/p>\n<p><a href=\"http:\/\/majaigucio.pl\/wp-content\/uploads\/2014\/05\/2014-04-06.jpg\"><img loading=\"lazy\" class=\"alignnone size-medium wp-image-41\" src=\"http:\/\/majaigucio.pl\/wp-content\/uploads\/2014\/05\/2014-04-06-300x225.jpg\" alt=\"NIepubliczne przedszkole Krak\u00f3w\" width=\"300\" height=\"225\" srcset=\"https:\/\/majaigucio.pl\/wp-content\/uploads\/2014\/05\/2014-04-06-300x225.jpg 300w, https:\/\/majaigucio.pl\/wp-content\/uploads\/2014\/05\/2014-04-06-768x576.jpg 768w, https:\/\/majaigucio.pl\/wp-content\/uploads\/2014\/05\/2014-04-06.jpg 769w\" sizes=\"(max-width: 300px) 100vw, 300px\" \/><\/a><\/p>\n<p>&nbsp;<\/p>\n<p>&nbsp;<\/p>\n","protected":false},"excerpt":{"rendered":"<p>W tym tygodniu Biedronki poznaj\u0105 r\u00f3\u017cne zawody. Ogromnym zainteresowaniem cieszy\u0142 si\u0119 zaw\u00f3d fryzjera. Maluchy doskonale wiedzia\u0142y, \u017ce wykonuj\u0105c ten zaw\u00f3d trzeba dobrze obcina\u0107 w\u0142osy. Wi\u0119c ka\u017cdy m\u00f3g\u0142 spr\u00f3bowa\u0107 wcieli\u0107 si\u0119 w rol\u0119 fryzjera i obci\u0105\u0107 w\u0142osy naszemu manekinowi (w\u0142osy by\u0142y &hellip; <\/p>\n","protected":false},"author":1,"featured_media":0,"comment_status":"open","ping_status":"open","sticky":false,"template":"","format":"standard","meta":{"_mi_skip_tracking":false},"categories":[4],"tags":[],"_links":{"self":[{"href":"https:\/\/majaigucio.pl\/index.php\/wp-json\/wp\/v2\/posts\/23"}],"collection":[{"href":"https:\/\/majaigucio.pl\/index.php\/wp-json\/wp\/v2\/posts"}],"about":[{"href":"https:\/\/majaigucio.pl\/index.php\/wp-json\/wp\/v2\/types\/post"}],"author":[{"embeddable":true,"href":"https:\/\/majaigucio.pl\/index.php\/wp-json\/wp\/v2\/users\/1"}],"replies":[{"embeddable":true,"href":"https:\/\/majaigucio.pl\/index.php\/wp-json\/wp\/v2\/comments?post=23"}],"version-history":[{"count":0,"href":"https:\/\/majaigucio.pl\/index.php\/wp-json\/wp\/v2\/posts\/23\/revisions"}],"wp:attachment":[{"href":"https:\/\/majaigucio.pl\/index.php\/wp-json\/wp\/v2\/media?parent=23"}],"wp:term":[{"taxonomy":"category","embeddable":true,"href":"https:\/\/majaigucio.pl\/index.php\/wp-json\/wp\/v2\/categories?post=23"},{"taxonomy":"post_tag","embeddable":true,"href":"https:\/\/majaigucio.pl\/index.php\/wp-json\/wp\/v2\/tags?post=23"}],"curies":[{"name":"wp","href":"https:\/\/api.w.org\/{rel}","templated":true}]}}