{"id":1869,"date":"2024-09-25T19:49:37","date_gmt":"2024-09-25T17:49:37","guid":{"rendered":"http:\/\/majaigucio.pl\/?p=1869"},"modified":"2024-09-25T19:49:37","modified_gmt":"2024-09-25T17:49:37","slug":"rozpoczecie-roku-szkolnego-osiedle-avia","status":"publish","type":"post","link":"https:\/\/majaigucio.pl\/index.php\/2024\/09\/25\/rozpoczecie-roku-szkolnego-osiedle-avia\/","title":{"rendered":"Rozpocz\u0119cie roku szkolnego &#8211; Osiedle Avia"},"content":{"rendered":"\n<p>2 wrze\u015bnia 2024 rozpocz\u0119li\u015bmy w naszym przedszkolu nowy rok szkolny i now\u0105 podr\u00f3\u017c dla wielu nowych przedszkolak\u00f3w.<\/p>\n\n\n\n<figure class=\"wp-block-image size-large\"><img loading=\"lazy\" width=\"768\" height=\"1024\" src=\"http:\/\/majaigucio.pl\/wp-content\/uploads\/2024\/09\/c2fe27c7-1e25-4c21-9691-0ca11ea97b1b-768x1024.jpg\" alt=\"\" class=\"wp-image-1871\" srcset=\"https:\/\/majaigucio.pl\/wp-content\/uploads\/2024\/09\/c2fe27c7-1e25-4c21-9691-0ca11ea97b1b-768x1024.jpg 768w, https:\/\/majaigucio.pl\/wp-content\/uploads\/2024\/09\/c2fe27c7-1e25-4c21-9691-0ca11ea97b1b-225x300.jpg 225w, https:\/\/majaigucio.pl\/wp-content\/uploads\/2024\/09\/c2fe27c7-1e25-4c21-9691-0ca11ea97b1b-1152x1536.jpg 1152w, https:\/\/majaigucio.pl\/wp-content\/uploads\/2024\/09\/c2fe27c7-1e25-4c21-9691-0ca11ea97b1b.jpg 1200w\" sizes=\"(max-width: 768px) 100vw, 768px\" \/><\/figure>\n","protected":false},"excerpt":{"rendered":"<p>2 wrze\u015bnia 2024 rozpocz\u0119li\u015bmy w naszym przedszkolu nowy rok szkolny i now\u0105 podr\u00f3\u017c dla wielu nowych przedszkolak\u00f3w.<\/p>\n","protected":false},"author":1,"featured_media":1870,"comment_status":"closed","ping_status":"open","sticky":false,"template":"","format":"standard","meta":{"_mi_skip_tracking":false},"categories":[10],"tags":[],"_links":{"self":[{"href":"https:\/\/majaigucio.pl\/index.php\/wp-json\/wp\/v2\/posts\/1869"}],"collection":[{"href":"https:\/\/majaigucio.pl\/index.php\/wp-json\/wp\/v2\/posts"}],"about":[{"href":"https:\/\/majaigucio.pl\/index.php\/wp-json\/wp\/v2\/types\/post"}],"author":[{"embeddable":true,"href":"https:\/\/majaigucio.pl\/index.php\/wp-json\/wp\/v2\/users\/1"}],"replies":[{"embeddable":true,"href":"https:\/\/majaigucio.pl\/index.php\/wp-json\/wp\/v2\/comments?post=1869"}],"version-history":[{"count":1,"href":"https:\/\/majaigucio.pl\/index.php\/wp-json\/wp\/v2\/posts\/1869\/revisions"}],"predecessor-version":[{"id":1872,"href":"https:\/\/majaigucio.pl\/index.php\/wp-json\/wp\/v2\/posts\/1869\/revisions\/1872"}],"wp:featuredmedia":[{"embeddable":true,"href":"https:\/\/majaigucio.pl\/index.php\/wp-json\/wp\/v2\/media\/1870"}],"wp:attachment":[{"href":"https:\/\/majaigucio.pl\/index.php\/wp-json\/wp\/v2\/media?parent=1869"}],"wp:term":[{"taxonomy":"category","embeddable":true,"href":"https:\/\/majaigucio.pl\/index.php\/wp-json\/wp\/v2\/categories?post=1869"},{"taxonomy":"post_tag","embeddable":true,"href":"https:\/\/majaigucio.pl\/index.php\/wp-json\/wp\/v2\/tags?post=1869"}],"curies":[{"name":"wp","href":"https:\/\/api.w.org\/{rel}","templated":true}]}}