{"id":962,"date":"2017-05-04T18:37:51","date_gmt":"2017-05-04T18:37:51","guid":{"rendered":"http:\/\/majaigucio.pl\/?p=962"},"modified":"2017-05-04T18:37:51","modified_gmt":"2017-05-04T18:37:51","slug":"dzien-strazaka","status":"publish","type":"post","link":"http:\/\/majaigucio.pl\/index.php\/2017\/05\/04\/dzien-strazaka\/","title":{"rendered":"Dzie\u0144 Stra\u017caka"},"content":{"rendered":"<p>W Dniu Stra\u017caka nasze przedszkolaki dowiadywa\u0142y si\u0119 jak wa\u017cny i potrzebny jest ten zaw\u00f3d. Dzieci wiedz\u0105 ju\u017c jak wygl\u0105da stra\u017cacki mundur, po co stra\u017cak nosi kask, czym si\u0119 pos\u0142uguje i co jest mu niezb\u0119dne w pracy. Przypomnia\u0142y sobie w jakich sytuacjach nale\u017cy stra\u017c po\u017carn\u0105 wzywa\u0107 i jak si\u0119 zachowywa\u0107 w czasie po\u017caru. Zaj\u0119cia podsumowali\u015bmy wykonaniem pi\u0119knych prac.<\/p>\n<p><a href=\"http:\/\/majaigucio.pl\/wp-content\/uploads\/2017\/07\/18199166_1375552629190603_4489153391241477843_n.jpg\"><img loading=\"lazy\" class=\"alignleft size-medium wp-image-920\" src=\"http:\/\/majaigucio.pl\/wp-content\/uploads\/2017\/07\/18199166_1375552629190603_4489153391241477843_n-300x240.jpg\" alt=\"18199166_1375552629190603_4489153391241477843_n\" width=\"300\" height=\"240\" \/><\/a> <a href=\"http:\/\/majaigucio.pl\/wp-content\/uploads\/2017\/07\/18222650_1375553459190520_7263321916350565683_n.jpg\"><img loading=\"lazy\" class=\"alignleft size-medium wp-image-919\" src=\"http:\/\/majaigucio.pl\/wp-content\/uploads\/2017\/07\/18221988_1375552785857254_2621715534357642627_n-300x240.jpg\" alt=\"18221988_1375552785857254_2621715534357642627_n\" width=\"300\" height=\"240\" \/><img loading=\"lazy\" class=\"alignleft size-medium wp-image-918\" src=\"http:\/\/majaigucio.pl\/wp-content\/uploads\/2017\/07\/18222650_1375553459190520_7263321916350565683_n-300x239.jpg\" alt=\"18222650_1375553459190520_7263321916350565683_n\" width=\"300\" height=\"239\" \/><\/a> <a href=\"http:\/\/majaigucio.pl\/wp-content\/uploads\/2017\/07\/18221988_1375552785857254_2621715534357642627_n.jpg\"><img loading=\"lazy\" class=\"alignleft size-medium wp-image-917\" src=\"http:\/\/majaigucio.pl\/wp-content\/uploads\/2017\/07\/18222532_1375553659190500_3214066217805159981_n-300x239.jpg\" alt=\"18222532_1375553659190500_3214066217805159981_n\" width=\"300\" height=\"239\" \/><\/a> <a href=\"http:\/\/majaigucio.pl\/wp-content\/uploads\/2017\/07\/18199216_1375553989190467_3298978045425742387_n.jpg\"><img loading=\"lazy\" class=\"alignleft size-medium wp-image-916\" src=\"http:\/\/majaigucio.pl\/wp-content\/uploads\/2017\/07\/18199216_1375553989190467_3298978045425742387_n-300x240.jpg\" alt=\"18199216_1375553989190467_3298978045425742387_n\" width=\"300\" height=\"240\" \/><\/a><\/p>\n","protected":false},"excerpt":{"rendered":"<p>W Dniu Stra\u017caka nasze przedszkolaki dowiadywa\u0142y si\u0119 jak wa\u017cny i potrzebny jest ten zaw\u00f3d. Dzieci wiedz\u0105 ju\u017c jak wygl\u0105da stra\u017cacki mundur, po co stra\u017cak nosi kask, czym si\u0119 pos\u0142uguje i co jest mu niezb\u0119dne w pracy. Przypomnia\u0142y sobie w jakich &hellip; <\/p>\n","protected":false},"author":1,"featured_media":0,"comment_status":"open","ping_status":"open","sticky":false,"template":"","format":"standard","meta":{"_mi_skip_tracking":false},"categories":[4],"tags":[],"_links":{"self":[{"href":"http:\/\/majaigucio.pl\/index.php\/wp-json\/wp\/v2\/posts\/962"}],"collection":[{"href":"http:\/\/majaigucio.pl\/index.php\/wp-json\/wp\/v2\/posts"}],"about":[{"href":"http:\/\/majaigucio.pl\/index.php\/wp-json\/wp\/v2\/types\/post"}],"author":[{"embeddable":true,"href":"http:\/\/majaigucio.pl\/index.php\/wp-json\/wp\/v2\/users\/1"}],"replies":[{"embeddable":true,"href":"http:\/\/majaigucio.pl\/index.php\/wp-json\/wp\/v2\/comments?post=962"}],"version-history":[{"count":0,"href":"http:\/\/majaigucio.pl\/index.php\/wp-json\/wp\/v2\/posts\/962\/revisions"}],"wp:attachment":[{"href":"http:\/\/majaigucio.pl\/index.php\/wp-json\/wp\/v2\/media?parent=962"}],"wp:term":[{"taxonomy":"category","embeddable":true,"href":"http:\/\/majaigucio.pl\/index.php\/wp-json\/wp\/v2\/categories?post=962"},{"taxonomy":"post_tag","embeddable":true,"href":"http:\/\/majaigucio.pl\/index.php\/wp-json\/wp\/v2\/tags?post=962"}],"curies":[{"name":"wp","href":"https:\/\/api.w.org\/{rel}","templated":true}]}}